{"id":65277,"date":"2024-02-14T11:26:00","date_gmt":"2024-02-14T17:26:00","guid":{"rendered":"http:\/\/www.zonaroja.com.mx\/?p=65277"},"modified":"2024-02-14T07:33:54","modified_gmt":"2024-02-14T13:33:54","slug":"arrecia-crisis-del-agua-70-de-la-entidad-oaxaquena-presenta-sequia","status":"publish","type":"post","link":"https:\/\/zonaroja.com.mx\/?p=65277","title":{"rendered":"Arrecia crisis del agua; 70% de la entidad oaxaque\u00f1a presenta sequ\u00eda"},"content":{"rendered":"\n<p>Yuridiana Sosa\/Zona Roja<\/p>\n\n\n\n<p>Oaxaca de Ju\u00e1rez, Oax., 13 de febrero de 2024.- El desabasto de agua en la capital de Oaxaca cada vez afecta a m\u00e1s colonias, en las que superan el mes sin el suministro del vital l\u00edquido.<\/p>\n\n\n\n<p>El Gobierno del Estado inform\u00f3 el pasado 10 de febrero que el 70.5 por ciento del territorio oaxaque\u00f1o presenta sequ\u00eda.<\/p>\n\n\n\n<p>Por otra parte, de acuerdo con el \u00abMonitor de Sequ\u00eda de M\u00e9xico\u00bb de la Comisi\u00f3n Nacional del Agua (Conagua), al 31 de enero, Oaxaca se encuentra entre los estados que presentan problemas de abastecimiento de agua este a\u00f1o.<\/p>\n\n\n\n<p>En este reporte se\u00f1al\u00f3 que el 57.5 por ciento de los municipios en Oaxaca presentan sequ\u00eda; 55 localidades de Oaxaca presentan sequ\u00eda extrema, estas ubicadas en las regiones de la Costa e Istmo.<\/p>\n\n\n\n<p>Con sequ\u00eda moderada contabiliz\u00f3 105; sequ\u00eda severa, 168 y 111 anormalmente secos.<\/p>\n\n\n\n<p>En tanto, este martes, habitantes de la colonia Lomas de San Jacinto, de Oaxaca de Ju\u00e1rez, bloquearon la calle de Crespo de la capital oaxaque\u00f1a &nbsp;para exigir al Sistema Operador de los Servicios de Agua Potable y Alcantarillado (SOAPA) la dotaci\u00f3n del vital l\u00edquido.<\/p>\n\n\n\n<p>Los habitantes llevan 45 d\u00edas sin agua en la red, ni por medio de pipas dotadas por el gobierno para cubrir la necesidad de la poblaci\u00f3n.<\/p>\n\n\n\n<p>Frente a un representante del organismo, que trat\u00f3 de disolver la protesta, en inmediaciones de las oficinas de SOAPA, los vecinos afectados reclamaron el deficiente servicio, pues mientras ellos deben pegar de forma puntual el supuesto servicios, la dependencia no dota de agua.<\/p>\n\n\n\n<p>Apenas el pasado 31 de enero &nbsp;habitantes de la colonia El Arenal, agencia de San Mart\u00edn Mexic\u00e1pam, de la capital, tambi\u00e9n se manifestaron y bloquearon la calle de Crespo, para exigir al titular, Omar P\u00e9rez Ben\u00edtez, cumpla con el servicio, a dos meses de no contar con el vital l\u00edquido.<\/p>\n\n\n\n<p>Mientras que a mediados de enero, el Colectivo de Organizaciones Ambientalistas de Oaxaca (COAO)&nbsp;clausuraron simb\u00f3licamente las oficinas de&nbsp;Conagua en Oaxaca,&nbsp;por el desabasto de agua que hay en la capital y zona conurbada de la ciudad.<\/p>\n","protected":false},"excerpt":{"rendered":"<p>Yuridiana Sosa\/Zona Roja Oaxaca de Ju\u00e1rez, Oax., 13 de febrero de 2024.- El desabasto de&hellip;<\/p>\n","protected":false},"author":2,"featured_media":65278,"comment_status":"closed","ping_status":"open","sticky":false,"template":"","format":"standard","meta":{"_lmt_disableupdate":"","_lmt_disable":"","_jetpack_memberships_contains_paid_content":false,"footnotes":""},"categories":[109,47],"tags":[3830],"class_list":["post-65277","post","type-post","status-publish","format-standard","has-post-thumbnail","hentry","category-minuto-a-minuto","category-zona-gris","tag-crisis-del-agua-oaxaca"],"jetpack_featured_media_url":"https:\/\/zonaroja.com.mx\/wp-content\/uploads\/2024\/02\/Crisis-del-agua-Oaxaca.jpeg","jetpack_sharing_enabled":true,"_links":{"self":[{"href":"https:\/\/zonaroja.com.mx\/index.php?rest_route=\/wp\/v2\/posts\/65277","targetHints":{"allow":["GET"]}}],"collection":[{"href":"https:\/\/zonaroja.com.mx\/index.php?rest_route=\/wp\/v2\/posts"}],"about":[{"href":"https:\/\/zonaroja.com.mx\/index.php?rest_route=\/wp\/v2\/types\/post"}],"author":[{"embeddable":true,"href":"https:\/\/zonaroja.com.mx\/index.php?rest_route=\/wp\/v2\/users\/2"}],"replies":[{"embeddable":true,"href":"https:\/\/zonaroja.com.mx\/index.php?rest_route=%2Fwp%2Fv2%2Fcomments&post=65277"}],"version-history":[{"count":1,"href":"https:\/\/zonaroja.com.mx\/index.php?rest_route=\/wp\/v2\/posts\/65277\/revisions"}],"predecessor-version":[{"id":65279,"href":"https:\/\/zonaroja.com.mx\/index.php?rest_route=\/wp\/v2\/posts\/65277\/revisions\/65279"}],"wp:featuredmedia":[{"embeddable":true,"href":"https:\/\/zonaroja.com.mx\/index.php?rest_route=\/wp\/v2\/media\/65278"}],"wp:attachment":[{"href":"https:\/\/zonaroja.com.mx\/index.php?rest_route=%2Fwp%2Fv2%2Fmedia&parent=65277"}],"wp:term":[{"taxonomy":"category","embeddable":true,"href":"https:\/\/zonaroja.com.mx\/index.php?rest_route=%2Fwp%2Fv2%2Fcategories&post=65277"},{"taxonomy":"post_tag","embeddable":true,"href":"https:\/\/zonaroja.com.mx\/index.php?rest_route=%2Fwp%2Fv2%2Ftags&post=65277"}],"curies":[{"name":"wp","href":"https:\/\/api.w.org\/{rel}","templated":true}]}}