{"id":6529,"date":"2019-12-10T09:04:51","date_gmt":"2019-12-10T15:04:51","guid":{"rendered":"http:\/\/www.zonaroja.com.mx\/?p=6529"},"modified":"2019-12-10T18:02:27","modified_gmt":"2019-12-11T00:02:27","slug":"cientifico-oaxaqueno-encabeza-proyecto-espacial-lanzado-por-la-nasa","status":"publish","type":"post","link":"https:\/\/zonaroja.com.mx\/?p=6529","title":{"rendered":"Cient\u00edfico oaxaque\u00f1o encabeza proyecto espacial lanzado por la NASA"},"content":{"rendered":"\n<p>Evlin\nArag\u00f3n\/Zona Roja.<\/p>\n\n\n\n<p>Oaxaca\nde Ju\u00e1rez, Oax., 10 de diciembre de 2019.- H\u00e9ctor Sim\u00f3n Vargas Mart\u00ednez,\noriginario de Ciudad Ixtepec, Oaxaca, es actualmente el director cient\u00edfico del\nproyecto AzTechSat-1, un nanosat\u00e9lite que se lanz\u00f3 recientemente al espacio por\nparte de la NASA.<\/p>\n\n\n\n<p>Orgulloso\nde su origen y decidido desde peque\u00f1o a ser astronauta o estudiar el espacio,\nVargas Mart\u00ednez ha desarrollado una importante carrera cient\u00edfica, avalada con\nun doctorado en Matem\u00e1ticas que le permite estar adscrito a la Facultad de\nElectr\u00f3nica de la Universidad Popular Aut\u00f3noma del Estado de Puebla (UPAEP), en\ndonde se desempe\u00f1a como coordinador de Laboratorio de Control y Rob\u00f3tica; sus\nprincipales l\u00edneas de investigaci\u00f3n son Rob\u00f3tica de Servicio y Control de\nSat\u00e9lites Artificiales.<\/p>\n\n\n\n<p>\u201cCrec\u00ed\nen un lugar peque\u00f1o de Oaxaca \u2013Ixtepec&#8212; pero siempre tuve el sue\u00f1o de ser\nastronauta, el cual siempre fue respaldado por mi madre Gloria Mart\u00ednez\u201d, dijo\nen entrevista con un medio nacional, en donde adem\u00e1s asegur\u00f3 que es fundamental\nque desde la ni\u00f1ez se inculque el gusto e inter\u00e9s por la ciencia.<\/p>\n\n\n\n<p>Hoy en d\u00eda el oaxaque\u00f1o dirige el proyecto denominado AzTechSat-1, bautizado as\u00ed en honor los or\u00edgenes prehisp\u00e1nicos, en el cual participaron 73 estudiantes de la UPAEP de diferentes disciplinas y que consta de un nanosat\u00e9lite puesto en \u00f3rbita la semana pasada con la misi\u00f3n de demostrar la interconexi\u00f3n de sat\u00e9lites sin necesidad de contar con una estaci\u00f3n terrena.<\/p>\n\n\n\n<figure class=\"wp-block-embed-twitter wp-block-embed is-type-rich is-provider-twitter\"><div class=\"wp-block-embed__wrapper\">\n<div class=\"twitter-tweet\"><blockquote class=\"twitter-tweet\" data-lang=\"es\"><p lang=\"es\" dir=\"ltr\"><a href=\"https:\/\/twitter.com\/hashtag\/OaxacaRosa?src=hash&amp;ref_src=twsrc%5Etfw\">#OaxacaRosa<\/a><br>\u00bfQu\u00e9 tiene que ver un oaxaque\u00f1o con la NASA? \u00bfQue invent\u00f3 un nano qu\u00e9&#8230;? En un momento les contamos la historia escrita por <a href=\"https:\/\/twitter.com\/evlin_aragon?ref_src=twsrc%5Etfw\">@evlin_aragon<\/a>; mientras tanto, as\u00ed fue el lanzamiento de AztechSat1, proyecto de la <a href=\"https:\/\/twitter.com\/UPAEP?ref_src=twsrc%5Etfw\">@upaep<\/a> y la agencia espacial norteamericana. <a href=\"https:\/\/t.co\/yQxkoXxLkD\">pic.twitter.com\/yQxkoXxLkD<\/a><\/p>&mdash; Zona Roja Oaxaca (@MexRoja) <a href=\"https:\/\/twitter.com\/MexRoja\/status\/1204550392811532288?ref_src=twsrc%5Etfw\">10 de diciembre de 2019<\/a><\/blockquote><\/div>\n<\/div><\/figure>\n\n\n\n<p>El\nreto propuesto por la NASA, desde hace tres a\u00f1os, fue la construcci\u00f3n de un\nCubeSAT que se comunique con la constelaci\u00f3n de sat\u00e9lites de Global Star para\nmejorar el tr\u00e0nsito de datos hacia la tierra, mismo que fue asignado a la\nAgencia Espacial Mexicana y esta a su vez design\u00f3 a la UPAEP y al cient\u00edfico\noaxaque\u00f1o como responsables.<\/p>\n\n\n\n<p>Por\nello el grupo comandado por el doctor H\u00e9ctor Sim\u00f3n Vargas construy\u00f3 un peque\u00f1o\ncubo de 10 cent\u00edmetros construido con aluminio de calidad espacial y celdas\nsolares, al interior se encuentra una tarjeta con la tecnolog\u00eda electr\u00f3nica que\npermite resolver la acci\u00f3n del sat\u00e9lite para cumplir su misi\u00f3n, y es justamente\nla que se busca patentar en estos momentos.<\/p>\n\n\n\n<p>\u201cEl\nCubeSat, creado en las aulas poblanas, cumple con las caracter\u00edsticas y\nrequisitos para ser lanzado al espacio con el objetivo de obtener datos a\npartir de sensores que estar\u00e1n conectados con una base en la Tierra. El\nobjetivo es mejorar el tr\u00e1nsito de datos hacia la tierra\u201d, dijo recientemente\nel cient\u00edfico oaxaque\u00f1o en entrevista con medios nacionales.<\/p>\n\n\n\n<p>El\nnanosat\u00e9lite, cuya inversi\u00f3n rebas\u00f3 los 800 mil d\u00f3lares, fue auspiciado por la\nAgencia Espacial Mexicana, en coordinaci\u00f3n con la NASA fue lanzado de forma\nexitosa el pasado 4 de diciembre desde Cabo Ca\u00f1averal.<\/p>\n\n\n\n<p>Hace\ncasi 20 a\u00f1os que M\u00e9xico no ha lanzado ning\u00fan sat\u00e9lite propio o desarrollado por\nalguna instituci\u00f3n acad\u00e9mica o empresa mexicana, por lo que el \u00e9xito de este\nproyecto situar\u00e1 a la UPAEP y al cient\u00edfico oaxaque\u00f1o como uno de los m\u00e1s\ngrandes exponentes en \u00e1rea aeroespacial del pa\u00eds.<\/p>\n","protected":false},"excerpt":{"rendered":"<p>Evlin Arag\u00f3n\/Zona Roja. Oaxaca de Ju\u00e1rez, Oax., 10 de diciembre de 2019.- H\u00e9ctor Sim\u00f3n Vargas&hellip;<\/p>\n","protected":false},"author":2,"featured_media":6530,"comment_status":"closed","ping_status":"open","sticky":false,"template":"","format":"standard","meta":{"_lmt_disableupdate":"","_lmt_disable":"","_jetpack_memberships_contains_paid_content":false,"footnotes":""},"categories":[109,46],"tags":[1120],"class_list":["post-6529","post","type-post","status-publish","format-standard","has-post-thumbnail","hentry","category-minuto-a-minuto","category-zona-blanca","tag-hector-simon-vargas-martinez"],"jetpack_featured_media_url":"https:\/\/zonaroja.com.mx\/wp-content\/uploads\/2019\/12\/H\u00e9ctor-Sim\u00f3n-Vargas-Mart\u00ednez.jpeg","jetpack_sharing_enabled":true,"_links":{"self":[{"href":"https:\/\/zonaroja.com.mx\/index.php?rest_route=\/wp\/v2\/posts\/6529","targetHints":{"allow":["GET"]}}],"collection":[{"href":"https:\/\/zonaroja.com.mx\/index.php?rest_route=\/wp\/v2\/posts"}],"about":[{"href":"https:\/\/zonaroja.com.mx\/index.php?rest_route=\/wp\/v2\/types\/post"}],"author":[{"embeddable":true,"href":"https:\/\/zonaroja.com.mx\/index.php?rest_route=\/wp\/v2\/users\/2"}],"replies":[{"embeddable":true,"href":"https:\/\/zonaroja.com.mx\/index.php?rest_route=%2Fwp%2Fv2%2Fcomments&post=6529"}],"version-history":[{"count":2,"href":"https:\/\/zonaroja.com.mx\/index.php?rest_route=\/wp\/v2\/posts\/6529\/revisions"}],"predecessor-version":[{"id":6548,"href":"https:\/\/zonaroja.com.mx\/index.php?rest_route=\/wp\/v2\/posts\/6529\/revisions\/6548"}],"wp:featuredmedia":[{"embeddable":true,"href":"https:\/\/zonaroja.com.mx\/index.php?rest_route=\/wp\/v2\/media\/6530"}],"wp:attachment":[{"href":"https:\/\/zonaroja.com.mx\/index.php?rest_route=%2Fwp%2Fv2%2Fmedia&parent=6529"}],"wp:term":[{"taxonomy":"category","embeddable":true,"href":"https:\/\/zonaroja.com.mx\/index.php?rest_route=%2Fwp%2Fv2%2Fcategories&post=6529"},{"taxonomy":"post_tag","embeddable":true,"href":"https:\/\/zonaroja.com.mx\/index.php?rest_route=%2Fwp%2Fv2%2Ftags&post=6529"}],"curies":[{"name":"wp","href":"https:\/\/api.w.org\/{rel}","templated":true}]}}