{"id":65290,"date":"2024-02-14T18:26:58","date_gmt":"2024-02-15T00:26:58","guid":{"rendered":"http:\/\/www.zonaroja.com.mx\/?p=65290"},"modified":"2024-02-14T18:27:02","modified_gmt":"2024-02-15T00:27:02","slug":"participan-diputados-en-conmemoracion-del-aniversario-luctuoso-de-guerrero","status":"publish","type":"post","link":"https:\/\/zonaroja.com.mx\/?p=65290","title":{"rendered":"Participan diputados en conmemoraci\u00f3n del aniversario luctuoso de Guerrero"},"content":{"rendered":"\n<p>Redacci\u00f3n\/Zona Roja.&nbsp;<\/p>\n\n\n\n<p>Oaxaca de Ju\u00e1rez, Oax. 14 de febrero de 2024.- Diputadas y diputados locales de los estados de Oaxaca y Guerrero, participaron este mi\u00e9rcoles en la conmemoraci\u00f3n del 193 aniversario luctuoso del Benem\u00e9rito de la Patria, Vicente Guerrero, presidida por el gobernador Salom\u00f3n Jara Cruz.<\/p>\n\n\n\n<p>En el municipio de Cuil\u00e1pam de Guerrero, las y los congresistas se dieron cita para honrar la memoria del insurgente, por lo que el presidente de la Junta de Coordinaci\u00f3n Pol\u00edtica (Jucopo) de la 65 Legislatura del Congreso de Oaxaca, Sergio L\u00f3pez S\u00e1nchez, celebr\u00f3 la uni\u00f3n de ambos estados para conmemorar esta fecha.<\/p>\n\n\n\n<p>\u00abComo mexicanas y mexicanos nos sentimos orgullosos del legado del general Vicente Guerrero, hoy nos da mucho gusto contar con la presencia de las presidentas de la Mesa Directiva y la Junta de Coordinaci\u00f3n Pol\u00edtica para generar un ambiente de hermandad que existe desde hace muchos a\u00f1os entre los estados de Oaxaca y Guerrero\u00bb, resalt\u00f3 el legislador.<\/p>\n\n\n\n<p>Por su parte, el presidente de la Mesa Directiva del Congreso local, Samuel Gurri\u00f3n Mat\u00edas, manifest\u00f3 el agradecimiento a las diputadas y los diputados de Guerrero por acudir a la ceremonia c\u00edvica en memoria del h\u00e9roe nacional, Vicente Guerrero.<\/p>\n\n\n\n<p>\u00abCada a\u00f1o pues nos hermanamos para reconocer y para recordar al gran soldado de la patria y como oaxaque\u00f1os, hay que seguir trabajando, hay que seguir luchando, hay que seguir dando buenos ciudadanos as\u00ed como fueron nuestros antepasados, nuestros h\u00e9roes del pasado, ciudadanos con mucho amor a nuestro estado, con mucho amor a nuestro pueblo, a nuestro pa\u00eds, pero sobre todo, con mucho respeto a nuestras instituciones\u00bb, expres\u00f3.<\/p>\n\n\n\n<p>En tanto, la diputada Leticia Mosso Hern\u00e1ndez, presidenta de la Mesa Directiva de la LXIII Legislatura del Congreso de Guerrero, destac\u00f3 en la trayectoria de Vicente Guerrero su aporte para lograr la democracia y defensa de los m\u00e1s vulnerables en el pa\u00eds.<\/p>\n\n\n\n<p>\u00ab\u00a1Que viva Oaxaca, que viva Guerrero y que viva la patria!\u00bb, manifest\u00f3.<\/p>\n\n\n\n<p>Al evento presidido por el gobernador de Oaxaca, Salom\u00f3n Jara Cruz, le acompa\u00f1\u00f3 la presidenta honoraria del DIF Estatal, Irma Bola\u00f1os Quijano; asistieron tambi\u00e9n Delfina Elizabeth Guzm\u00e1n D\u00edaz, secretaria de Educaci\u00f3n P\u00fablica; el Fiscal General Bernardo Rodr\u00edguez Alamilla; la presidenta del Poder Judicial del Estado, Berenice Ram\u00edrez Jim\u00e9nez; las y los diputados de la LXV Legislatura del Congreso de Oaxaca, y de la LXIII Legislatura del Congreso de Guerrero.&nbsp;<\/p>\n","protected":false},"excerpt":{"rendered":"<p>Redacci\u00f3n\/Zona Roja.&nbsp; Oaxaca de Ju\u00e1rez, Oax. 14 de febrero de 2024.- Diputadas y diputados locales&hellip;<\/p>\n","protected":false},"author":2,"featured_media":65291,"comment_status":"closed","ping_status":"open","sticky":false,"template":"","format":"standard","meta":{"_lmt_disableupdate":"","_lmt_disable":"","_jetpack_memberships_contains_paid_content":false,"footnotes":""},"categories":[109,46],"tags":[2743],"class_list":["post-65290","post","type-post","status-publish","format-standard","has-post-thumbnail","hentry","category-minuto-a-minuto","category-zona-blanca","tag-65-legislatura-del-estado-de-oaxaca"],"jetpack_featured_media_url":"https:\/\/zonaroja.com.mx\/wp-content\/uploads\/2024\/02\/Participan-congresistas-de-Oaxaca-y-Guerrero-en-conmemoracion-del-aniversario-luctuoso-de-Vicente-Guerrero.jpeg","jetpack_sharing_enabled":true,"_links":{"self":[{"href":"https:\/\/zonaroja.com.mx\/index.php?rest_route=\/wp\/v2\/posts\/65290","targetHints":{"allow":["GET"]}}],"collection":[{"href":"https:\/\/zonaroja.com.mx\/index.php?rest_route=\/wp\/v2\/posts"}],"about":[{"href":"https:\/\/zonaroja.com.mx\/index.php?rest_route=\/wp\/v2\/types\/post"}],"author":[{"embeddable":true,"href":"https:\/\/zonaroja.com.mx\/index.php?rest_route=\/wp\/v2\/users\/2"}],"replies":[{"embeddable":true,"href":"https:\/\/zonaroja.com.mx\/index.php?rest_route=%2Fwp%2Fv2%2Fcomments&post=65290"}],"version-history":[{"count":1,"href":"https:\/\/zonaroja.com.mx\/index.php?rest_route=\/wp\/v2\/posts\/65290\/revisions"}],"predecessor-version":[{"id":65292,"href":"https:\/\/zonaroja.com.mx\/index.php?rest_route=\/wp\/v2\/posts\/65290\/revisions\/65292"}],"wp:featuredmedia":[{"embeddable":true,"href":"https:\/\/zonaroja.com.mx\/index.php?rest_route=\/wp\/v2\/media\/65291"}],"wp:attachment":[{"href":"https:\/\/zonaroja.com.mx\/index.php?rest_route=%2Fwp%2Fv2%2Fmedia&parent=65290"}],"wp:term":[{"taxonomy":"category","embeddable":true,"href":"https:\/\/zonaroja.com.mx\/index.php?rest_route=%2Fwp%2Fv2%2Fcategories&post=65290"},{"taxonomy":"post_tag","embeddable":true,"href":"https:\/\/zonaroja.com.mx\/index.php?rest_route=%2Fwp%2Fv2%2Ftags&post=65290"}],"curies":[{"name":"wp","href":"https:\/\/api.w.org\/{rel}","templated":true}]}}