{"id":65293,"date":"2024-02-14T19:25:01","date_gmt":"2024-02-15T01:25:01","guid":{"rendered":"http:\/\/www.zonaroja.com.mx\/?p=65293"},"modified":"2024-02-14T19:33:27","modified_gmt":"2024-02-15T01:33:27","slug":"se-diluye-caravana-de-migrantes-en-oaxaca-niega-segon-confrontaciones-y-bloqueo","status":"publish","type":"post","link":"https:\/\/zonaroja.com.mx\/?p=65293","title":{"rendered":"Se diluye caravana de migrantes en Oaxaca; niega Segob confrontaciones y bloqueo"},"content":{"rendered":"\n<p>Yuridiana Sosa\/Zona Roja.<\/p>\n\n\n\n<p>Oaxaca de Ju\u00e1rez, Oax., 14 de febrero de 2024.- El representante de la Secretar\u00eda de Gobernaci\u00f3n&nbsp;en Oaxaca, Jos\u00e9&nbsp;Carlos&nbsp;Fuentes Ordaz, neg\u00f3 que ayer los migrantes centroamericanos hayan realizado un bloqueo carretero en Jalapa del Marqu\u00e9s o protagonizado confrontaciones.<\/p>\n\n\n\n<p>En entrevista colectiva, el funcionario federal destac\u00f3 que en Oaxaca, actualmente no se registran condiciones que pongan en riesgo la gobernabilidad frente a la situaci\u00f3n del flujo migratorio.<\/p>\n\n\n\n<p>Precis\u00f3 que ayer un grupo de migrantes, integrantes de una caravana, hizo presencia en el punto de rescate humanitario del Instituto Nacional de Migraci\u00f3n que se ubica en Jalapa del Marqu\u00e9s, regi\u00f3n del Istmo, para solicitar apoyo de unidades para su traslado y llegar a sus destinos.<\/p>\n\n\n\n<p>Sin embargo, el Instituto no otorga ese tipo de apoyos, tras ellos se dio un di\u00e1logo, del que finalmente se logr\u00f3 el rescate de 42 personas migrantes, quienes fueron puestos a disposici\u00f3n de las autoridades para la revisi\u00f3n de su situaci\u00f3n jur\u00eddica y por lo que fueron trasladados a una estaci\u00f3n migratoria.<\/p>\n\n\n\n<p>Fuentes Ordaz dijo que pese a que se registraron da\u00f1os en una unidad del INM, desconocen quienes fueron los responsables, as\u00ed como neg\u00f3 alg\u00fan bloqueo en esa zona.<\/p>\n\n\n\n<p>REDUCE CARAVANA<\/p>\n\n\n\n<p>La caravana de migrantes en su paso por Oaxaca se ha diluido, se\u00f1al\u00f3 el representante de Segob, Jos\u00e9 Carlos Fuentes.<\/p>\n\n\n\n<p>El grupo de personas pas\u00f3 de unas 900, en su ingreso de la caravana&nbsp; a la entidad en d\u00edas pasados, a 100 este lunes.<\/p>\n\n\n\n<p>La reducci\u00f3n, dijo, obedece al trabajo de coordinaci\u00f3n y rescate de personas, que en varios casos llegan por s\u00ed solas a las instalaciones del INM para solicitar ayuda y retornar a sus pa\u00edses de origen debido a las condiciones a las que se enfrentan y por ello deciden suspender su viaje.<\/p>\n\n\n\n<p>ATENCI\u00d3N<\/p>\n\n\n\n<p>Las autoridades federales se han coordinado de forma adecuada con las autoridades estatales y municipales en Oaxaca para atender el &nbsp;flujo migratorio con la instalaci\u00f3n de centros de movilidad que dan ayuda de forma puntual a los centroamericanos.<\/p>\n\n\n\n<p>Se\u00f1al\u00f3 que esos centros de movilidad han permitido un cambio de las condiciones &nbsp;en el arribo de los migrantes, que hace algunos meses&nbsp; se aglomeraban en las terminales de la capital o en espacios p\u00fablicos.<\/p>\n","protected":false},"excerpt":{"rendered":"<p>Yuridiana Sosa\/Zona Roja. Oaxaca de Ju\u00e1rez, Oax., 14 de febrero de 2024.- El representante de&hellip;<\/p>\n","protected":false},"author":2,"featured_media":65294,"comment_status":"closed","ping_status":"open","sticky":false,"template":"","format":"standard","meta":{"_lmt_disableupdate":"","_lmt_disable":"","_jetpack_memberships_contains_paid_content":false,"footnotes":""},"categories":[109,47],"tags":[3641],"class_list":["post-65293","post","type-post","status-publish","format-standard","has-post-thumbnail","hentry","category-minuto-a-minuto","category-zona-gris","tag-migrantes-en-oaxaca"],"jetpack_featured_media_url":"https:\/\/zonaroja.com.mx\/wp-content\/uploads\/2024\/02\/Jose-Carlos-Fuentes-Ordaz.jpg","jetpack_sharing_enabled":true,"_links":{"self":[{"href":"https:\/\/zonaroja.com.mx\/index.php?rest_route=\/wp\/v2\/posts\/65293","targetHints":{"allow":["GET"]}}],"collection":[{"href":"https:\/\/zonaroja.com.mx\/index.php?rest_route=\/wp\/v2\/posts"}],"about":[{"href":"https:\/\/zonaroja.com.mx\/index.php?rest_route=\/wp\/v2\/types\/post"}],"author":[{"embeddable":true,"href":"https:\/\/zonaroja.com.mx\/index.php?rest_route=\/wp\/v2\/users\/2"}],"replies":[{"embeddable":true,"href":"https:\/\/zonaroja.com.mx\/index.php?rest_route=%2Fwp%2Fv2%2Fcomments&post=65293"}],"version-history":[{"count":2,"href":"https:\/\/zonaroja.com.mx\/index.php?rest_route=\/wp\/v2\/posts\/65293\/revisions"}],"predecessor-version":[{"id":65296,"href":"https:\/\/zonaroja.com.mx\/index.php?rest_route=\/wp\/v2\/posts\/65293\/revisions\/65296"}],"wp:featuredmedia":[{"embeddable":true,"href":"https:\/\/zonaroja.com.mx\/index.php?rest_route=\/wp\/v2\/media\/65294"}],"wp:attachment":[{"href":"https:\/\/zonaroja.com.mx\/index.php?rest_route=%2Fwp%2Fv2%2Fmedia&parent=65293"}],"wp:term":[{"taxonomy":"category","embeddable":true,"href":"https:\/\/zonaroja.com.mx\/index.php?rest_route=%2Fwp%2Fv2%2Fcategories&post=65293"},{"taxonomy":"post_tag","embeddable":true,"href":"https:\/\/zonaroja.com.mx\/index.php?rest_route=%2Fwp%2Fv2%2Ftags&post=65293"}],"curies":[{"name":"wp","href":"https:\/\/api.w.org\/{rel}","templated":true}]}}