{"id":65308,"date":"2024-02-15T09:30:00","date_gmt":"2024-02-15T15:30:00","guid":{"rendered":"http:\/\/www.zonaroja.com.mx\/?p=65308"},"modified":"2024-02-15T07:18:17","modified_gmt":"2024-02-15T13:18:17","slug":"todo-listo-para-la-pelea-de-campeonato-en-oaxaca","status":"publish","type":"post","link":"https:\/\/zonaroja.com.mx\/?p=65308","title":{"rendered":"\u00a1Todo listo para la pelea de campeonato en Oaxaca!"},"content":{"rendered":"\n<p>Redacci\u00f3n\/Zona Roja.<\/p>\n\n\n\n<p>Oaxaca de Ju\u00e1rez, Oax. 15 de febrero de 2024.- El mexicano Adri\u00e1n \u201cGatito\u201d Curiel y el sudafricano Sivenathi Nontshinga se vieron las caras en territorio oaxaque\u00f1o, previo al encuentro Campeones de la Guelaguetza que se llevar\u00e1 cabo este viernes 16 de febrero en la rotonda de la azucena y en el que disputar\u00e1n el t\u00edtulo mundial de Peso Minimosca.&nbsp;<\/p>\n\n\n\n<p>En conferencia de prensa, ambos boxeadores manifestaron su emoci\u00f3n por estar a unas horas de subirse al ring y dar un gran espect\u00e1culo al p\u00fablico que asistir\u00e1 a verlos en la tierra del \u201cDios Nunca Muere\u201d.<\/p>\n\n\n\n<p>\u201cEstoy muy contento de defender mi t\u00edtulo, en mi tierra y con mi gente, y que todo M\u00e9xico nos pueda ver. Nos entrenamos como campeones pero venimos preparados como si fu\u00e9ramos los retadores\u201d, expres\u00f3 el \u201cGatito\u201d Curiel al referirse que en este encuentro box\u00edstico defender\u00e1 el t\u00edtulo de Peso Minimosca que en noviembre pasado le arrebat\u00f3 a Sivenathi Nontshinga, tan solo en el segundo asalto en Montecarlo, M\u00f3naco.<\/p>\n\n\n\n<p>Por su parte, Sivenathi Nontshinga asegur\u00f3 que este pr\u00f3ximo encuentro tendr\u00e1 la oportunidad de volver a ganar el t\u00edtulo y es algo que no desaprovechar\u00e1. \u201cHe estado trabajando muy duro, no es la primera vez que entro en una pelea de t\u00edtulo mundial y ahora voy a demostrar que tambi\u00e9n he aprendido de la derrota. Caer es parte de la vida, pero levantarse es vivir y este viernes voy a demostrar que estoy listo para ganar\u201d, dijo.<\/p>\n\n\n\n<p>EX CAMPEONES<\/p>\n\n\n\n<p>En este marco en el que cont\u00f3 con la distinguida presencia de los campeones mundiales mexicanos Jos\u00e9 \u201cPipino\u201d Cuevas y Humberto \u201cLa Chiquita\u201d Gonz\u00e1lez, se dieron a conocer las peleas que se llevar\u00e1n a cabo en el auditorio \u201cGuelaguetza\u201d previo al encuentro estelar, iniciando a las 13:00 horas con la Final del Torneo Amateur.<\/p>\n\n\n\n<p>Posteriormente, a partir de las 17:00 horas, el p\u00fablico podr\u00e1 disfrutar de las peleas entre Federico Pacheco Jr. y Jos\u00e9 Mario Tamez, en la categor\u00eda de Pesos Pesados; as\u00ed como de Criztec Bazaldua y Alejandro Castillo de Peso Ligero.<\/p>\n\n\n\n<p>Tambi\u00e9n se llevar\u00e1 a cabo el encuentro entre Julio Porras y Aaron Rocha, en Peso S\u00faper Mediano; y Brayan Rivera contra Daniel Zaragoza, en Peso Pluma Junior.<\/p>\n\n\n\n<p>En la categor\u00eda de Peso Pluma Junior se enfrentar\u00e1n el oaxaque\u00f1o Sergio \u201cChirino\u00bb S\u00e1nchez contra Dennis Contreras, as\u00ed como Arturo C\u00e1rdenas contra Ernesto Garc\u00eda.<\/p>\n\n\n\n<p>Previo a la pelea estelar pactada para las 21:00 horas, se llevar\u00e1 a cabo el encuentro entre Mauricio Lara y Daniel Lugo, de Peso Ligero Junior.<\/p>\n\n\n\n<p>INVITAN A ENCUENTROS<\/p>\n\n\n\n<p>Previo a ellos, los excampeones mundiales de boxeo, Humberto \u201cChiquita\u201d Gonz\u00e1lez y Jos\u00e9 \u201cPipino\u201d Cuevas, invitaron a la poblaci\u00f3n a asistir a la pelea entre Adri\u00e1n \u201cGatito\u201d Curiel y el excampe\u00f3n sudafricano Sivenathi Nontshinga.<\/p>\n\n\n\n<p>Los pugilistas visitaron y disfrutaron de la grandeza de la zona arqueol\u00f3gica de Monte Alb\u00e1n, una de las ciudades m\u00e1s importantes de Mesoam\u00e9rica, donde reconocieron el trabajo que impulsa el Gobierno del Estado a favor del deporte oaxaque\u00f1o.<\/p>\n\n\n\n<p>Jos\u00e9 Isidro \u201cPipino\u201d Cuevas Gonz\u00e1lez es un excampe\u00f3n mundial de boxeo en la divisi\u00f3n de peso w\u00e9lter, poseedor de un poder de pu\u00f1os impresionante, que lo convirti\u00f3 en profesional a los 14 a\u00f1os, logrando una racha de ocho victorias consecutivas.<\/p>\n\n\n\n<p>Mientras que Humberto \u201cChiquita\u201d Gonz\u00e1lez, conocido tambi\u00e9n como el Peque\u00f1o gran gigante de Neza, es un exboxeador, poseedor de una gran t\u00e9cnica de ataque y defensa, quien en su larga trayectoria tuvo un r\u00e9cord de 43 victorias, 30 por la v\u00eda del nocaut y s\u00f3lo tres derrotas.<\/p>\n\n\n\n<p>Las actividades son organizadas por el Gobierno del Estado, que encabeza Salom\u00f3n Jara Cruz.<\/p>\n","protected":false},"excerpt":{"rendered":"<p>Redacci\u00f3n\/Zona Roja. Oaxaca de Ju\u00e1rez, Oax. 15 de febrero de 2024.- El mexicano Adri\u00e1n \u201cGatito\u201d&hellip;<\/p>\n","protected":false},"author":2,"featured_media":65309,"comment_status":"closed","ping_status":"open","sticky":false,"template":"","format":"standard","meta":{"_lmt_disableupdate":"","_lmt_disable":"","_jetpack_memberships_contains_paid_content":false,"footnotes":""},"categories":[109,46],"tags":[939],"class_list":["post-65308","post","type-post","status-publish","format-standard","has-post-thumbnail","hentry","category-minuto-a-minuto","category-zona-blanca","tag-salomon-jara-cruz"],"jetpack_featured_media_url":"https:\/\/zonaroja.com.mx\/wp-content\/uploads\/2024\/02\/CAMPEONES-DE-LA-GUELAGUETZA-7.jpg","jetpack_sharing_enabled":true,"_links":{"self":[{"href":"https:\/\/zonaroja.com.mx\/index.php?rest_route=\/wp\/v2\/posts\/65308","targetHints":{"allow":["GET"]}}],"collection":[{"href":"https:\/\/zonaroja.com.mx\/index.php?rest_route=\/wp\/v2\/posts"}],"about":[{"href":"https:\/\/zonaroja.com.mx\/index.php?rest_route=\/wp\/v2\/types\/post"}],"author":[{"embeddable":true,"href":"https:\/\/zonaroja.com.mx\/index.php?rest_route=\/wp\/v2\/users\/2"}],"replies":[{"embeddable":true,"href":"https:\/\/zonaroja.com.mx\/index.php?rest_route=%2Fwp%2Fv2%2Fcomments&post=65308"}],"version-history":[{"count":1,"href":"https:\/\/zonaroja.com.mx\/index.php?rest_route=\/wp\/v2\/posts\/65308\/revisions"}],"predecessor-version":[{"id":65310,"href":"https:\/\/zonaroja.com.mx\/index.php?rest_route=\/wp\/v2\/posts\/65308\/revisions\/65310"}],"wp:featuredmedia":[{"embeddable":true,"href":"https:\/\/zonaroja.com.mx\/index.php?rest_route=\/wp\/v2\/media\/65309"}],"wp:attachment":[{"href":"https:\/\/zonaroja.com.mx\/index.php?rest_route=%2Fwp%2Fv2%2Fmedia&parent=65308"}],"wp:term":[{"taxonomy":"category","embeddable":true,"href":"https:\/\/zonaroja.com.mx\/index.php?rest_route=%2Fwp%2Fv2%2Fcategories&post=65308"},{"taxonomy":"post_tag","embeddable":true,"href":"https:\/\/zonaroja.com.mx\/index.php?rest_route=%2Fwp%2Fv2%2Ftags&post=65308"}],"curies":[{"name":"wp","href":"https:\/\/api.w.org\/{rel}","templated":true}]}}