{"id":65323,"date":"2024-02-15T10:30:00","date_gmt":"2024-02-15T16:30:00","guid":{"rendered":"http:\/\/www.zonaroja.com.mx\/?p=65323"},"modified":"2024-02-15T07:49:10","modified_gmt":"2024-02-15T13:49:10","slug":"azuzan-autoridades-de-teojomulco-conflicto-con-san-pedro-el-alto-denuncian","status":"publish","type":"post","link":"https:\/\/zonaroja.com.mx\/?p=65323","title":{"rendered":"Azuzan autoridades de Teojomulco conflicto con San Pedro El Alto, denuncian"},"content":{"rendered":"\n<p>Yuridiana Sosa\/Zona Roja.<\/p>\n\n\n\n<p>Oaxaca de Ju\u00e1rez, Oax., 15 de febrero 2024.- Autoridades comunales de San Pedro El Alto, Zimatl\u00e1n de \u00c1lvarez, se pronunciaron contra se\u00f1alamientos por parte de Santo Domingo Teojomulco que s\u00f3lo contribuyen a propiciar un clima de violencia, as\u00ed como ante la injerencia de autoridades municipales para azuzar el problema de \u00edndole comunal.<\/p>\n\n\n\n<p>A trav\u00e9s de un comunicado, los representantes del Comisariado de Bienes Comunales y el Consejo de Vigilancia de San Pedro El Alto exigieron la intervenci\u00f3n inmediata del presidente de la Rep\u00fablica, Andr\u00e9s Manuel L\u00f3pez Obrador y del gobernador de Oaxaca, Salom\u00f3n Jara para dar atenci\u00f3n al problema de inversi\u00f3n de sus tierras.<\/p>\n\n\n\n<p>De la complejidad del tema&nbsp; y posibles actos violentos por parte de Teojomulco responsabilizan directamente a l presidente municipal, Uriel Le\u00f3n Venegas; al s\u00edndico municipal, Eliud P\u00e9rez Rojas y al representante comunal, Aureliano Gonz\u00e1lez Mart\u00ednez, quienes encabezan a grupos armados para invadir, amenazar y generar violencia en la zona.<\/p>\n\n\n\n<p>Para evitar mayores problemas, llamaron a los habitantes de Teojomulco a no ser usados para cumplir caprichos de sus l\u00edderes.<\/p>\n\n\n\n<p>DESMIENTEN<\/p>\n\n\n\n<p>Apuntaron que el municipio de Santo Domingo Teojomulco intenta enga\u00f1ar a la opini\u00f3n p\u00fablica con versiones que carecen de todo fundamento jur\u00eddico sobre las tierras en disputa.<\/p>\n\n\n\n<p>Teojomulco asever\u00f3 que un segundo enemigo, San Pedro El Alto, se adjudic\u00f3 terrenos comunales que les pertenecen en complicidad con autoridades federales y estatales, \u201csabiendo que el due\u00f1o leg\u00edtimo es y seguir\u00e1 siendo Teojomulco\u201d.<\/p>\n\n\n\n<p>San Pedro respondi\u00f3 que el dicho es infundado, debido a que ellos tuvieron la resoluci\u00f3n presidencial con todos los formalismos previstos en el anterior C\u00f3digo Agrario y ante la resoluci\u00f3n presidencial se acredita la titularidad de m\u00e1s de 30 mil hect\u00e1reas, con estudios y t\u00edtulos sobre los l\u00edmites de colindancia con las comunidades.<\/p>\n\n\n\n<p>Santo Domingo se\u00f1ala que posee un t\u00edtulo primordial de fecha 10 de octubre de 1521 y ratificado en 1563 en este documento marca, reza y ostenta los l\u00edmites territoriales, a lo que San Pedro &nbsp;indic\u00f3 que ese t\u00edtulo ha sido muy controvertido en los juzgados, tribunales y mesas de atenci\u00f3n, &nbsp;pues nunca lo fundamentan de manera legal por la v\u00eda jur\u00eddica acompa\u00f1ado de peritajes.<\/p>\n\n\n\n<p>Otro cuestionamiento de Teojomulco &nbsp;es la supuesta propiedad de San Pedro el Alto, de Zimatl\u00e1n, &nbsp;en tierras pertenecientes al Distrito de Sola de Vega; a lo que responden que &nbsp;lo administrativo, lo comunal o la titularidad de las tierras que es muy diferente, y no tiene que ver una cosa con otra.<\/p>\n\n\n\n<p>&nbsp;Situaci\u00f3n que solo expone el desconocimiento de las autoridades sobre condiciones b\u00e1sicas de administraci\u00f3n municipal y por el contrario, evidencia &nbsp;la intromisi\u00f3n del&nbsp; presidente municipal, el s\u00edndico municipal, &nbsp;en temas corresponden a tierras comunales.<\/p>\n","protected":false},"excerpt":{"rendered":"<p>Yuridiana Sosa\/Zona Roja. Oaxaca de Ju\u00e1rez, Oax., 15 de febrero 2024.- Autoridades comunales de San&hellip;<\/p>\n","protected":false},"author":2,"featured_media":65313,"comment_status":"closed","ping_status":"open","sticky":false,"template":"","format":"standard","meta":{"_lmt_disableupdate":"","_lmt_disable":"","_jetpack_memberships_contains_paid_content":false,"footnotes":""},"categories":[109,47],"tags":[3815,3284],"class_list":["post-65323","post","type-post","status-publish","format-standard","has-post-thumbnail","hentry","category-minuto-a-minuto","category-zona-gris","tag-san-pedro-el-alto","tag-santo-domingo-teojomulco"],"jetpack_featured_media_url":"https:\/\/zonaroja.com.mx\/wp-content\/uploads\/2024\/02\/Conflicto-San-Perdo-El-Alto-Teojomulco.jpg","jetpack_sharing_enabled":true,"_links":{"self":[{"href":"https:\/\/zonaroja.com.mx\/index.php?rest_route=\/wp\/v2\/posts\/65323","targetHints":{"allow":["GET"]}}],"collection":[{"href":"https:\/\/zonaroja.com.mx\/index.php?rest_route=\/wp\/v2\/posts"}],"about":[{"href":"https:\/\/zonaroja.com.mx\/index.php?rest_route=\/wp\/v2\/types\/post"}],"author":[{"embeddable":true,"href":"https:\/\/zonaroja.com.mx\/index.php?rest_route=\/wp\/v2\/users\/2"}],"replies":[{"embeddable":true,"href":"https:\/\/zonaroja.com.mx\/index.php?rest_route=%2Fwp%2Fv2%2Fcomments&post=65323"}],"version-history":[{"count":1,"href":"https:\/\/zonaroja.com.mx\/index.php?rest_route=\/wp\/v2\/posts\/65323\/revisions"}],"predecessor-version":[{"id":65324,"href":"https:\/\/zonaroja.com.mx\/index.php?rest_route=\/wp\/v2\/posts\/65323\/revisions\/65324"}],"wp:featuredmedia":[{"embeddable":true,"href":"https:\/\/zonaroja.com.mx\/index.php?rest_route=\/wp\/v2\/media\/65313"}],"wp:attachment":[{"href":"https:\/\/zonaroja.com.mx\/index.php?rest_route=%2Fwp%2Fv2%2Fmedia&parent=65323"}],"wp:term":[{"taxonomy":"category","embeddable":true,"href":"https:\/\/zonaroja.com.mx\/index.php?rest_route=%2Fwp%2Fv2%2Fcategories&post=65323"},{"taxonomy":"post_tag","embeddable":true,"href":"https:\/\/zonaroja.com.mx\/index.php?rest_route=%2Fwp%2Fv2%2Ftags&post=65323"}],"curies":[{"name":"wp","href":"https:\/\/api.w.org\/{rel}","templated":true}]}}