{"id":65327,"date":"2024-02-15T08:03:47","date_gmt":"2024-02-15T14:03:47","guid":{"rendered":"http:\/\/www.zonaroja.com.mx\/?p=65327"},"modified":"2024-02-15T08:03:50","modified_gmt":"2024-02-15T14:03:50","slug":"grave-la-segunda-mujer-baleada-en-pochutla-tras-asesinato-de-su-madre","status":"publish","type":"post","link":"https:\/\/zonaroja.com.mx\/?p=65327","title":{"rendered":"Grave, la segunda mujer baleada en Pochutla, tras asesinato de su madre"},"content":{"rendered":"\n<p>Ismael Garc\u00eda M.\/Zona Roja.<\/p>\n\n\n\n<p>Oaxaca de Ju\u00e1rez, Oax., a 15 de febrero de 2024.- La segunda mujer atacada a balazos la noche del lunes en San Pedro Pochutla se encuentra grave de salud, tras recibir un balazo en el ojo, que deriv\u00f3 en exposici\u00f3n de masa encef\u00e1lica.<\/p>\n\n\n\n<p>En tanto, pese a que la agresi\u00f3n armada ocurri\u00f3 durante una feria en el centro de ese municipio de la regi\u00f3n Mixteca, hasta ahora no hay ninguna persona detenida por el probable homicidio de una mujer de 54 a\u00f1os de edad.<\/p>\n\n\n\n<p>Ayer durante la sesi\u00f3n ordinaria de la 65 Legislatura del Congreso local, la diputada Adriana Altamirano inform\u00f3 que las v\u00edctimas eran militantes de su partido, Nueva Alianza.<\/p>\n\n\n\n<p>Narr\u00f3 que poco antes se hab\u00eda reunido con ellas, la se\u00f1ora Luc\u00eda G., de 54 a\u00f1os de edad, y sus hijas, para detallar acciones pol\u00edticas de su instituci\u00f3n; tras ello, invitaron a la legisladora a acudir a la feria popular, pero ella opt\u00f3 por retirarse a descansar.<\/p>\n\n\n\n<p>\u201cAproximadamente a las 10 de la noche termin\u00e9 la reuni\u00f3n de trabajo en ese municipio, donde tuve una pl\u00e1tica con parte de mi equipo de la regi\u00f3n\u2026 20 minutos despu\u00e9s de despedirme de ella, fue asesinada en la plaza, en la feria\u201d, narr\u00f3.<\/p>\n\n\n\n<p>La se\u00f1ora Luc\u00eda, con sus dos hijos y sus dos nietos, se fueron a la fiesta, pero de repente \u201cun hombre de frente le dispar\u00f3 y ah\u00ed cay\u00f3 tendida; su hija quiso ir contra el agresor, en un instinto de reflejo, y le dieron un tiro en el ojo.<\/p>\n\n\n\n<p>\u201cTuvo la exposici\u00f3n de masa encef\u00e1lica, hay muerte cerebral, pero a\u00fan la tienen con vida; el dictamen m\u00e9dico es cr\u00edtico, el doctor dice que en las pr\u00f3ximas horas ya no hay mucho que hacer\u201d.<\/p>\n\n\n\n<p>La diputada lament\u00f3 que en ese municipio la ola de violencia se haya incrementado; \u201cparticipar en pol\u00edtica hoy se ha convertido en uno de los oficio de los m\u00e1s peligrosos. Es el cuarto feminicidio en San Pedro Pochutla, es la cuarta mujer que asesinan.<\/p>\n\n\n\n<p>\u201cEra una gran mujer, compa\u00f1era de lucha. Lucy como militante de Nueva Alianza, desde ac\u00e1 te digo que vueles alto\u201d exclam\u00f3 en tribuna, al requerir a la Fiscal\u00eda General del Estado indagar a la brevedad este ataque en contra de las dos mujeres.<\/p>\n","protected":false},"excerpt":{"rendered":"<p>Ismael Garc\u00eda M.\/Zona Roja. Oaxaca de Ju\u00e1rez, Oax., a 15 de febrero de 2024.- La&hellip;<\/p>\n","protected":false},"author":2,"featured_media":65317,"comment_status":"closed","ping_status":"open","sticky":false,"template":"","format":"standard","meta":{"_lmt_disableupdate":"","_lmt_disable":"","_jetpack_memberships_contains_paid_content":false,"footnotes":""},"categories":[109,47],"tags":[151],"class_list":["post-65327","post","type-post","status-publish","format-standard","has-post-thumbnail","hentry","category-minuto-a-minuto","category-zona-gris","tag-san-pedro-pochutla"],"jetpack_featured_media_url":"https:\/\/zonaroja.com.mx\/wp-content\/uploads\/2024\/02\/Mujer-asesinada-en-Pochutl.jpg","jetpack_sharing_enabled":true,"_links":{"self":[{"href":"https:\/\/zonaroja.com.mx\/index.php?rest_route=\/wp\/v2\/posts\/65327","targetHints":{"allow":["GET"]}}],"collection":[{"href":"https:\/\/zonaroja.com.mx\/index.php?rest_route=\/wp\/v2\/posts"}],"about":[{"href":"https:\/\/zonaroja.com.mx\/index.php?rest_route=\/wp\/v2\/types\/post"}],"author":[{"embeddable":true,"href":"https:\/\/zonaroja.com.mx\/index.php?rest_route=\/wp\/v2\/users\/2"}],"replies":[{"embeddable":true,"href":"https:\/\/zonaroja.com.mx\/index.php?rest_route=%2Fwp%2Fv2%2Fcomments&post=65327"}],"version-history":[{"count":1,"href":"https:\/\/zonaroja.com.mx\/index.php?rest_route=\/wp\/v2\/posts\/65327\/revisions"}],"predecessor-version":[{"id":65328,"href":"https:\/\/zonaroja.com.mx\/index.php?rest_route=\/wp\/v2\/posts\/65327\/revisions\/65328"}],"wp:featuredmedia":[{"embeddable":true,"href":"https:\/\/zonaroja.com.mx\/index.php?rest_route=\/wp\/v2\/media\/65317"}],"wp:attachment":[{"href":"https:\/\/zonaroja.com.mx\/index.php?rest_route=%2Fwp%2Fv2%2Fmedia&parent=65327"}],"wp:term":[{"taxonomy":"category","embeddable":true,"href":"https:\/\/zonaroja.com.mx\/index.php?rest_route=%2Fwp%2Fv2%2Fcategories&post=65327"},{"taxonomy":"post_tag","embeddable":true,"href":"https:\/\/zonaroja.com.mx\/index.php?rest_route=%2Fwp%2Fv2%2Ftags&post=65327"}],"curies":[{"name":"wp","href":"https:\/\/api.w.org\/{rel}","templated":true}]}}