{"id":65331,"date":"2024-02-15T17:58:15","date_gmt":"2024-02-15T23:58:15","guid":{"rendered":"http:\/\/www.zonaroja.com.mx\/?p=65331"},"modified":"2024-02-15T17:58:18","modified_gmt":"2024-02-15T23:58:18","slug":"recrudece-violencia-en-el-istmo-ejecutados-en-salina-cruz-y-en-tehuantepec","status":"publish","type":"post","link":"https:\/\/zonaroja.com.mx\/?p=65331","title":{"rendered":"Recrudece violencia en el Istmo: ejecutados en Salina Cruz y en Tehuantepec\u00a0"},"content":{"rendered":"\n<p>Raymundo Morales\/Zona Roja.<\/p>\n\n\n\n<p>Oaxaca de Ju\u00e1rez, Oax., a 15 de febrero de 2024.- En menos de 12 horas, en dos municipios de la regi\u00f3n del Istmo de Tehuantepec han asesinado a dos personas y lesionado de bala a dos m\u00e1s.<\/p>\n\n\n\n<p>Esta tarde, en la ciudad y puerto de Salina Cruz, cuyo edil es el morenista Daniel M\u00e9ndez Sosa, ocurrieron dos ataques armados en contra de ocupantes de unidades de motor.<\/p>\n\n\n\n<p>El primero de ellos en la carretera de cuatro carriles, a la altura de la colonia Jes\u00fas Rasgado, donde fueron agredidos a balazos los ocupantes de una camioneta de color roja.<\/p>\n\n\n\n<p>Como resultado de ello, resultaron lesionados Jos\u00e9 Luis A. A. y Alberto T. I., quiene fueron atendidos por param\u00e9dicos y trasladados a un hospital cercano.<\/p>\n\n\n\n<p>Momentos m\u00e1s tarde ocurri\u00f3 otro ataque a balazos en la calle Tamaulipas de la colonia Hidalgo Oriente,, en contra del ocupante de un veh\u00edculo marca Nissan, color blanco.<\/p>\n\n\n\n<p>En el interior de la unidad de motor fue localizado un individuo sin signos vitales, hasta este momento no identificad.<\/p>\n\n\n\n<p>Como suele suceder, polic\u00edas municipales, estatales y federales, \u00fanicamente llegaron para resguardar la escena del crimen y hasta este momento no han reportado personas detenidas.<\/p>\n\n\n\n<p>Por la ma\u00f1ana, en el interior de un lavaautos de nombre \u201cFerchi\u201d, en la colonia Benito Ju\u00e1rez de Santo Domingo Tehuantepec, fue hallado muerto un individuo, con impactos de arma de fuego.<\/p>\n\n\n\n<p>Hasta este momento no ha sido identificada la v\u00edctima y en este caso tampoco hay personas detenidas, pues los polic\u00edas al mando de la edil morenista Vilma Mart\u00ednez Cort\u00e9s tampoco patrullan las calles.<\/p>\n","protected":false},"excerpt":{"rendered":"<p>Raymundo Morales\/Zona Roja. Oaxaca de Ju\u00e1rez, Oax., a 15 de febrero de 2024.- En menos&hellip;<\/p>\n","protected":false},"author":2,"featured_media":65332,"comment_status":"closed","ping_status":"open","sticky":false,"template":"","format":"standard","meta":{"_lmt_disableupdate":"","_lmt_disable":"","_jetpack_memberships_contains_paid_content":false,"footnotes":""},"categories":[109,51],"tags":[168,125],"class_list":["post-65331","post","type-post","status-publish","format-standard","has-post-thumbnail","hentry","category-minuto-a-minuto","category-zona-roja","tag-salina-cruz","tag-santo-domingo-tehuantepec"],"jetpack_featured_media_url":"https:\/\/zonaroja.com.mx\/wp-content\/uploads\/2024\/02\/Ejecutado-Salina-Cruz.jpg","jetpack_sharing_enabled":true,"_links":{"self":[{"href":"https:\/\/zonaroja.com.mx\/index.php?rest_route=\/wp\/v2\/posts\/65331","targetHints":{"allow":["GET"]}}],"collection":[{"href":"https:\/\/zonaroja.com.mx\/index.php?rest_route=\/wp\/v2\/posts"}],"about":[{"href":"https:\/\/zonaroja.com.mx\/index.php?rest_route=\/wp\/v2\/types\/post"}],"author":[{"embeddable":true,"href":"https:\/\/zonaroja.com.mx\/index.php?rest_route=\/wp\/v2\/users\/2"}],"replies":[{"embeddable":true,"href":"https:\/\/zonaroja.com.mx\/index.php?rest_route=%2Fwp%2Fv2%2Fcomments&post=65331"}],"version-history":[{"count":1,"href":"https:\/\/zonaroja.com.mx\/index.php?rest_route=\/wp\/v2\/posts\/65331\/revisions"}],"predecessor-version":[{"id":65333,"href":"https:\/\/zonaroja.com.mx\/index.php?rest_route=\/wp\/v2\/posts\/65331\/revisions\/65333"}],"wp:featuredmedia":[{"embeddable":true,"href":"https:\/\/zonaroja.com.mx\/index.php?rest_route=\/wp\/v2\/media\/65332"}],"wp:attachment":[{"href":"https:\/\/zonaroja.com.mx\/index.php?rest_route=%2Fwp%2Fv2%2Fmedia&parent=65331"}],"wp:term":[{"taxonomy":"category","embeddable":true,"href":"https:\/\/zonaroja.com.mx\/index.php?rest_route=%2Fwp%2Fv2%2Fcategories&post=65331"},{"taxonomy":"post_tag","embeddable":true,"href":"https:\/\/zonaroja.com.mx\/index.php?rest_route=%2Fwp%2Fv2%2Ftags&post=65331"}],"curies":[{"name":"wp","href":"https:\/\/api.w.org\/{rel}","templated":true}]}}