{"id":65336,"date":"2024-02-16T08:30:00","date_gmt":"2024-02-16T14:30:00","guid":{"rendered":"http:\/\/www.zonaroja.com.mx\/?p=65336"},"modified":"2024-02-15T21:40:52","modified_gmt":"2024-02-16T03:40:52","slug":"reconoce-neri-a-martin-vazquez-como-buen-contrincante-electoral","status":"publish","type":"post","link":"https:\/\/zonaroja.com.mx\/?p=65336","title":{"rendered":"Reconoce Neri a Mart\u00edn V\u00e1zquez como buen contrincante electoral"},"content":{"rendered":"\n<p>Yuridiana Sosa\/Zona Roja.<\/p>\n\n\n\n<p>Oaxaca de Ju\u00e1rez, Oax., 16 de febrero de 2024.- Camino a la jornada electoral del 2 de junio, el virtual candidato por Morena a la presidencia de Oaxaca de Ju\u00e1rez , Francisco Mart\u00ednez Neri, reconoci\u00f3 a Mart\u00edn V\u00e1zquez Villanueva, del Partido Revolucionario Institucional (PRI), como un buen oponente.<\/p>\n\n\n\n<p>Tras las definiciones de sus candidatos este mi\u00e9rcoles, el edil de la capital oaxaque\u00f1a y quien busca la reelecci\u00f3n por Morena expres\u00f3 ayer que el estratega y pol\u00edtico priista desempe\u00f1ar\u00e1 un buen papel como candidato.<\/p>\n\n\n\n<p>Luego de manifestar sus felicitaciones, Mart\u00ednez Neri tambi\u00e9n indic\u00f3 que V\u00e1zquez Villanueva es una buena persona. \u201cEs un buen hombre, creo que va a hacer un buen papel\u201d, coment\u00f3 en entrevista colectiva este jueves, al t\u00e9rmino de la sesi\u00f3n de Cabildo.<\/p>\n\n\n\n<p>LA DECISI\u00d3N<\/p>\n\n\n\n<p>El mi\u00e9rcoles, la dirigencia del PRI estatal anunci\u00f3 que Mart\u00edn V\u00e1zquez Villanueva es el designado para encabezar la candidatura del partido en el proceso electoral de este a\u00f1o para la presidencia de Oaxaca de Ju\u00e1rez.<\/p>\n\n\n\n<p>Tras ello, el PRI comenzar\u00e1 los trabajos para formalizar las candidaturas comunes con otros institutos pol\u00edticos y con ello fortalecer el triunfo de los municipios donde se concreten estas candidaturas.<\/p>\n\n\n\n<p>V\u00e1zquez Villanueva se ha desempe\u00f1ado como director de Corporaci\u00f3n Oaxaque\u00f1a de Radio y Televisi\u00f3n (CORTV); Secretario de Salud de Oaxaca, Coordinador General de Comunicaci\u00f3n Social, delegado de la Secretar\u00eda de Desarrollo Social,&nbsp;Diputado local durante la XLI Legislatura y diputado federal en la LXII Legislatura del Congreso de la Uni\u00f3n, entre otros cargos p\u00fablicos y pol\u00edticos.<\/p>\n\n\n\n<p>Por otra parte, Mart\u00ednez Neri se\u00f1al\u00f3 que Morena avanza en este proceso electoral en unidad, lo cual qued\u00f3 en evidencia tras el fallo de su partido del que result\u00f3 beneficiado.<\/p>\n\n\n\n<p>\u201cLlega muy unido el partido, no encontr\u00e9 oposici\u00f3n\u201d, manifest\u00f3 el aspirante a la reelecci\u00f3n de la presidencia y agreg\u00f3 que por ello espera que la \u201cguerra sucia\u201d o el \u201cfuego amigo\u201d en su contra terminen.<\/p>\n","protected":false},"excerpt":{"rendered":"<p>Yuridiana Sosa\/Zona Roja. Oaxaca de Ju\u00e1rez, Oax., 16 de febrero de 2024.- Camino a la&hellip;<\/p>\n","protected":false},"author":2,"featured_media":65337,"comment_status":"closed","ping_status":"open","sticky":false,"template":"","format":"standard","meta":{"_lmt_disableupdate":"","_lmt_disable":"","_jetpack_memberships_contains_paid_content":false,"footnotes":""},"categories":[109,46],"tags":[1582],"class_list":["post-65336","post","type-post","status-publish","format-standard","has-post-thumbnail","hentry","category-minuto-a-minuto","category-zona-blanca","tag-martin-vasquez-villanueva"],"jetpack_featured_media_url":"https:\/\/zonaroja.com.mx\/wp-content\/uploads\/2024\/02\/Martin-Vasquez-y-Francisco-Martinez-Neri.jpg","jetpack_sharing_enabled":true,"_links":{"self":[{"href":"https:\/\/zonaroja.com.mx\/index.php?rest_route=\/wp\/v2\/posts\/65336","targetHints":{"allow":["GET"]}}],"collection":[{"href":"https:\/\/zonaroja.com.mx\/index.php?rest_route=\/wp\/v2\/posts"}],"about":[{"href":"https:\/\/zonaroja.com.mx\/index.php?rest_route=\/wp\/v2\/types\/post"}],"author":[{"embeddable":true,"href":"https:\/\/zonaroja.com.mx\/index.php?rest_route=\/wp\/v2\/users\/2"}],"replies":[{"embeddable":true,"href":"https:\/\/zonaroja.com.mx\/index.php?rest_route=%2Fwp%2Fv2%2Fcomments&post=65336"}],"version-history":[{"count":2,"href":"https:\/\/zonaroja.com.mx\/index.php?rest_route=\/wp\/v2\/posts\/65336\/revisions"}],"predecessor-version":[{"id":65340,"href":"https:\/\/zonaroja.com.mx\/index.php?rest_route=\/wp\/v2\/posts\/65336\/revisions\/65340"}],"wp:featuredmedia":[{"embeddable":true,"href":"https:\/\/zonaroja.com.mx\/index.php?rest_route=\/wp\/v2\/media\/65337"}],"wp:attachment":[{"href":"https:\/\/zonaroja.com.mx\/index.php?rest_route=%2Fwp%2Fv2%2Fmedia&parent=65336"}],"wp:term":[{"taxonomy":"category","embeddable":true,"href":"https:\/\/zonaroja.com.mx\/index.php?rest_route=%2Fwp%2Fv2%2Fcategories&post=65336"},{"taxonomy":"post_tag","embeddable":true,"href":"https:\/\/zonaroja.com.mx\/index.php?rest_route=%2Fwp%2Fv2%2Ftags&post=65336"}],"curies":[{"name":"wp","href":"https:\/\/api.w.org\/{rel}","templated":true}]}}