{"id":65349,"date":"2024-02-16T09:19:00","date_gmt":"2024-02-16T15:19:00","guid":{"rendered":"http:\/\/www.zonaroja.com.mx\/?p=65349"},"modified":"2024-02-16T07:22:43","modified_gmt":"2024-02-16T13:22:43","slug":"logra-fiscalia-dos-sentencias-contra-feminicida-y-contra-deudor-alimentario","status":"publish","type":"post","link":"https:\/\/zonaroja.com.mx\/?p=65349","title":{"rendered":"Logra Fiscal\u00eda dos sentencias, contra feminicida y contra deudor alimentario"},"content":{"rendered":"\n<p>Redacci\u00f3n\/Zona Roja.<\/p>\n\n\n\n<p>Oaxaca de Ju\u00e1rez, Oax., a 16 de febrero de 2024.- En puntual seguimiento a casos de violencia de g\u00e9nero en la entidad, la Fiscal\u00eda General del Estado de Oaxaca (FGEO) obtuvo sentencia condenatoria de 50 a\u00f1os de prisi\u00f3n contra F.A.G., responsable del delito de feminicidio agravado, por hechos ocurridos en San Juan Colorado, en la regi\u00f3n de la Costa.<\/p>\n\n\n\n<p>De acuerdo con la causa penal correspondiente, en octubre de 2022, la v\u00edctima -identificada como C.A.M.- se encontraba en su domicilio ubicado en inmediaciones de San Pedro Siniyuvi, en la colonia Gigante, perteneciente al referido municipio, cuando el agresor se dirigi\u00f3 hacia ella y la atac\u00f3 con un objeto corto contundente (machete), debido a lo cual sufri\u00f3 severas lesiones que terminaron con su vida.<\/p>\n\n\n\n<p>Luego de que la FGEO tom\u00f3 conocimiento del delito, inici\u00f3 las investigaciones correspondientes a trav\u00e9s de las \u00e1reas especializadas en delitos cometidos contra la mujer de la Vicefiscal\u00eda Regional de la Costa, la cual despleg\u00f3 a un equipo multidisciplinario para realizar las indagatorias bajo la perspectiva de g\u00e9nero, a fin de esclarecer los hechos.<\/p>\n\n\n\n<p>En audiencia, el Juez que conoce la causa, dict\u00f3 sentencia condenatoria contra F.A.G., imponiendo la pena de 50 a\u00f1os de prisi\u00f3n, as\u00ed como el pago de una de multa y la reparaci\u00f3n del da\u00f1o en abstracto.<\/p>\n\n\n\n<p>En casos de feminicidio, la Fiscal\u00eda General del Estado de Oaxaca se compromete a realizar investigaciones correspondientes, a fin de presentar ante la justicia y aplicar todo el rigor de la Ley a quien o quienes resulten responsables por este tipo de delito.<\/p>\n\n\n\n<p>DEUDOR ALIMENTARIO<\/p>\n\n\n\n<p>Por otra parte, la Fiscal\u00eda General del Estado de Oaxaca (FGEO) obtuvo una sentencia condenatoria en contra de una persona del sexo masculino identificada como J.E.C.H., responsable del delito de Incumplimiento de Obligaciones Alimentarias.<\/p>\n\n\n\n<p>De acuerdo con el expediente penal del caso, la persona del sexo masculino identificada por las iniciales J.E.C.H., incumpli\u00f3 con las obligaciones impuestas por un Juez Familiar, quien orden\u00f3 una modificaci\u00f3n del pago de pensi\u00f3n alimentaria a favor de sus dos hijas menores de edad (cuyas identidades est\u00e1n reservadas por ley).<\/p>\n\n\n\n<p>Ante este hecho, se determin\u00f3 que J.E.C.H. incurri\u00f3 en el delito de incumplimiento de obligaci\u00f3n alimentaria, debido a que, desde el a\u00f1o 2018 hasta la fecha, sin motivo justificado dej\u00f3 de proveer lo establecido por el Juez de la causa quien dict\u00f3 fallo condenatorio de tres a\u00f1os de prisi\u00f3n, adem\u00e1s, impuso el pago de una multa y la reparaci\u00f3n del da\u00f1o.<\/p>\n\n\n\n<p>Para la Fiscal\u00eda General del Estado de Oaxaca la procuraci\u00f3n de justicia a favor de las ni\u00f1as, ni\u00f1os y adolescentes es una prioridad, por ello, reafirma su compromiso de trabajar para que este sector de la poblaci\u00f3n pueda acceder al ejercicio pleno de sus derechos humanos.<\/p>\n","protected":false},"excerpt":{"rendered":"<p>Redacci\u00f3n\/Zona Roja. Oaxaca de Ju\u00e1rez, Oax., a 16 de febrero de 2024.- En puntual seguimiento&hellip;<\/p>\n","protected":false},"author":2,"featured_media":40450,"comment_status":"closed","ping_status":"open","sticky":false,"template":"","format":"standard","meta":{"_lmt_disableupdate":"","_lmt_disable":"","_jetpack_memberships_contains_paid_content":false,"footnotes":""},"categories":[109,46],"tags":[494],"class_list":["post-65349","post","type-post","status-publish","format-standard","has-post-thumbnail","hentry","category-minuto-a-minuto","category-zona-blanca","tag-fiscalia-general-del-estado-de-oaxaca"],"jetpack_featured_media_url":"https:\/\/zonaroja.com.mx\/wp-content\/uploads\/2022\/04\/juez-juzgado-sentencia.jpg","jetpack_sharing_enabled":true,"_links":{"self":[{"href":"https:\/\/zonaroja.com.mx\/index.php?rest_route=\/wp\/v2\/posts\/65349","targetHints":{"allow":["GET"]}}],"collection":[{"href":"https:\/\/zonaroja.com.mx\/index.php?rest_route=\/wp\/v2\/posts"}],"about":[{"href":"https:\/\/zonaroja.com.mx\/index.php?rest_route=\/wp\/v2\/types\/post"}],"author":[{"embeddable":true,"href":"https:\/\/zonaroja.com.mx\/index.php?rest_route=\/wp\/v2\/users\/2"}],"replies":[{"embeddable":true,"href":"https:\/\/zonaroja.com.mx\/index.php?rest_route=%2Fwp%2Fv2%2Fcomments&post=65349"}],"version-history":[{"count":1,"href":"https:\/\/zonaroja.com.mx\/index.php?rest_route=\/wp\/v2\/posts\/65349\/revisions"}],"predecessor-version":[{"id":65350,"href":"https:\/\/zonaroja.com.mx\/index.php?rest_route=\/wp\/v2\/posts\/65349\/revisions\/65350"}],"wp:featuredmedia":[{"embeddable":true,"href":"https:\/\/zonaroja.com.mx\/index.php?rest_route=\/wp\/v2\/media\/40450"}],"wp:attachment":[{"href":"https:\/\/zonaroja.com.mx\/index.php?rest_route=%2Fwp%2Fv2%2Fmedia&parent=65349"}],"wp:term":[{"taxonomy":"category","embeddable":true,"href":"https:\/\/zonaroja.com.mx\/index.php?rest_route=%2Fwp%2Fv2%2Fcategories&post=65349"},{"taxonomy":"post_tag","embeddable":true,"href":"https:\/\/zonaroja.com.mx\/index.php?rest_route=%2Fwp%2Fv2%2Ftags&post=65349"}],"curies":[{"name":"wp","href":"https:\/\/api.w.org\/{rel}","templated":true}]}}