{"id":65363,"date":"2024-02-17T11:00:00","date_gmt":"2024-02-17T17:00:00","guid":{"rendered":"http:\/\/www.zonaroja.com.mx\/?p=65363"},"modified":"2024-02-17T07:36:03","modified_gmt":"2024-02-17T13:36:03","slug":"renueva-consorcio-oaxaca-su-dirigencia-colectiva","status":"publish","type":"post","link":"https:\/\/zonaroja.com.mx\/?p=65363","title":{"rendered":"Renueva Consorcio Oaxaca su dirigencia colectiva"},"content":{"rendered":"\n<p>Redacci\u00f3n\/Zona Roja.<\/p>\n\n\n\n<p>Oaxaca de Ju\u00e1rez, Oax., a 17 de febrero de 2024.- Consorcio para el Di\u00e1logo Parlamentario y la Equidad, Oaxaca,\u00a0en un acto de continuidad de su labor, refrenda su compromiso \u00a0por una sociedad participativa, antipatriarcal, feminista, de cuidados, construcci\u00f3n\u00a0de paz, buen vivir y para\u00a0fortalecer los tejidos sociales.\u00a0<\/p>\n\n\n\n<p>Consorcio Oaxaca&nbsp;ha cerrado ciclos, como parte de su caminar profundo y comprometido en Oaxaca, M\u00e9xico y Centroam\u00e9rica, despu\u00e9s de 20 a\u00f1os de afianzar su labor, como un ejercicio de coherencia y de manera consciente abri\u00f3 paso al &nbsp;relevo&nbsp;generacional, &nbsp;dos&nbsp;integrantes del Equipo Directivo salieron de la Direcci\u00f3n de manera progresiva: &nbsp;Pilar Muriedas Ju\u00e1rez en el 2022 y Ana Mar\u00eda Hern\u00e1ndez&nbsp;C\u00e1rdenas en el 2023, despu\u00e9s de que al interior de la organizaci\u00f3n se gest\u00f3 el proceso para afianzar una nueva etapa &nbsp;con una conducci\u00f3n renovada y comprometida para dar continuidad a su apuesta pol\u00edtica.&nbsp;<\/p>\n\n\n\n<p>De ah\u00ed que Consorcio abre un nuevo ciclo dando &nbsp;paso a la Direcci\u00f3n Colegiada, refrendando su convicci\u00f3n de &nbsp;ejercer y compartir el poder desde la colectividad, complementariedad, apostando a &nbsp;la combinaci\u00f3n de liderazgos diversos para enriquecer su caminar y abrir nuevos horizontes.<\/p>\n\n\n\n<p>Despu\u00e9s de un proceso interno se defini\u00f3 &nbsp;la integraci\u00f3n de una Direcci\u00f3n Colegiada integrada por Nallely Tello M\u00e9ndez, &nbsp; Elizabeth Mosqueda&nbsp;Rivera &nbsp;y Y\u00e9sica S\u00e1nchez Maya,&nbsp;todas ellas, &nbsp;con amplia trayectoria al interior de la organizaci\u00f3n y en otros espacios organizativos, desde donde han contribuido al crecimiento y apuesta de Pol\u00edtica de Consorcio Oaxaca desde su incorporaci\u00f3n.<\/p>\n\n\n\n<p>Nallely Tello&nbsp;M\u00e9ndez es Licenciada en Intervenci\u00f3n Educativa con maestr\u00eda en Sociolog\u00eda, defensora de los derechos humanos de las mujeres y las juventudes con expertise en protecci\u00f3n integral feminista, cultura de cuidados y pol\u00edticas educativas. Adem\u00e1s&nbsp;gusta&nbsp;de la literatura, es escritora&nbsp;y&nbsp;editora. Integrante de Consorcio Oaxaca desde 2009.&nbsp;<\/p>\n\n\n\n<p>Elizabeth Guadalupe Mosqueda Rivera, feminista, estudi\u00f3 la licenciatura en&nbsp;Comunicaci\u00f3n Social, defensora de los derechos humanos, con amplia experiencia en dise\u00f1o y desarrollo de proyectos sociales de intervenci\u00f3n comunitaria con enfoque de g\u00e9nero e interculturalidad con mujeres y juventudes, implementados tanto en la pen\u00ednsula de Yucat\u00e1n, como en el estado de Oaxaca.&nbsp;<\/p>\n\n\n\n<p>En su caminar ha logrado poner en pr\u00e1ctica teor\u00edas y metodolog\u00edas de la comunicaci\u00f3n para el desarrollo democr\u00e1tico&nbsp;y la justicia clim\u00e1tica; desde el a\u00f1o 2016 ha sido integrante de Consorcio Oaxaca.&nbsp;<\/p>\n\n\n\n<p>Por su parte, Y\u00e9sica S\u00e1nchez Maya,&nbsp;&nbsp;quien form\u00f3 parte del equipo directivo conjuntamente con Pilar Muriedas y Ana Mar\u00eda&nbsp;Hern\u00e1ndez C\u00e1rdenas, es feminista,&nbsp;&nbsp;licenciada en Derecho, defensora de derechos humanos, especialista en litigio estrat\u00e9gico para la defensa de los derechos&nbsp;humanos, impulsora de redes y alianzas a nivel local, &nbsp;nacional e internacional.<\/p>\n\n\n\n<p>Fue becaria de Centro de Justicia Internacional (CEJIL) con ardua experiencia&nbsp;en incidencia en legislaci\u00f3n, &nbsp;pol\u00edticas&nbsp;publicas as\u00ed&nbsp;como en instancias internacionales; &nbsp;acompa\u00f1ante de diversas&nbsp;v\u00edctimas de abusos de autoridad, criminalizaci\u00f3n&nbsp;a la protesta social,&nbsp;desaparici\u00f3n forzada, detenci\u00f3n arbitraria, prisi\u00f3n&nbsp;pol\u00edtica,&nbsp;tortura, feminicidio&nbsp;y &nbsp;de mujeres sobrevivientes de violencia&nbsp;feminicida y experta en Protecci\u00f3n Integral Feminista&nbsp;<\/p>\n\n\n\n<p>(Comunicado)<\/p>\n","protected":false},"excerpt":{"rendered":"<p>Redacci\u00f3n\/Zona Roja. Oaxaca de Ju\u00e1rez, Oax., a 17 de febrero de 2024.- Consorcio para el&hellip;<\/p>\n","protected":false},"author":2,"featured_media":65364,"comment_status":"closed","ping_status":"open","sticky":false,"template":"","format":"standard","meta":{"_lmt_disableupdate":"","_lmt_disable":"","_jetpack_memberships_contains_paid_content":false,"footnotes":""},"categories":[109,46],"tags":[1093],"class_list":["post-65363","post","type-post","status-publish","format-standard","has-post-thumbnail","hentry","category-minuto-a-minuto","category-zona-blanca","tag-consorcio-para-el-dialogo-oaxaca"],"jetpack_featured_media_url":"https:\/\/zonaroja.com.mx\/wp-content\/uploads\/2024\/02\/Consorcio-Oaxaca.jpg","jetpack_sharing_enabled":true,"_links":{"self":[{"href":"https:\/\/zonaroja.com.mx\/index.php?rest_route=\/wp\/v2\/posts\/65363","targetHints":{"allow":["GET"]}}],"collection":[{"href":"https:\/\/zonaroja.com.mx\/index.php?rest_route=\/wp\/v2\/posts"}],"about":[{"href":"https:\/\/zonaroja.com.mx\/index.php?rest_route=\/wp\/v2\/types\/post"}],"author":[{"embeddable":true,"href":"https:\/\/zonaroja.com.mx\/index.php?rest_route=\/wp\/v2\/users\/2"}],"replies":[{"embeddable":true,"href":"https:\/\/zonaroja.com.mx\/index.php?rest_route=%2Fwp%2Fv2%2Fcomments&post=65363"}],"version-history":[{"count":2,"href":"https:\/\/zonaroja.com.mx\/index.php?rest_route=\/wp\/v2\/posts\/65363\/revisions"}],"predecessor-version":[{"id":65384,"href":"https:\/\/zonaroja.com.mx\/index.php?rest_route=\/wp\/v2\/posts\/65363\/revisions\/65384"}],"wp:featuredmedia":[{"embeddable":true,"href":"https:\/\/zonaroja.com.mx\/index.php?rest_route=\/wp\/v2\/media\/65364"}],"wp:attachment":[{"href":"https:\/\/zonaroja.com.mx\/index.php?rest_route=%2Fwp%2Fv2%2Fmedia&parent=65363"}],"wp:term":[{"taxonomy":"category","embeddable":true,"href":"https:\/\/zonaroja.com.mx\/index.php?rest_route=%2Fwp%2Fv2%2Fcategories&post=65363"},{"taxonomy":"post_tag","embeddable":true,"href":"https:\/\/zonaroja.com.mx\/index.php?rest_route=%2Fwp%2Fv2%2Ftags&post=65363"}],"curies":[{"name":"wp","href":"https:\/\/api.w.org\/{rel}","templated":true}]}}