{"id":65366,"date":"2024-02-16T17:13:12","date_gmt":"2024-02-16T23:13:12","guid":{"rendered":"http:\/\/www.zonaroja.com.mx\/?p=65366"},"modified":"2024-02-16T17:13:13","modified_gmt":"2024-02-16T23:13:13","slug":"ex-trabajadores-de-novopan-dicen-que-fueron-enganados-para-desalojar-predio","status":"publish","type":"post","link":"https:\/\/zonaroja.com.mx\/?p=65366","title":{"rendered":"Ex trabajadores de Novopan dicen que fueron enga\u00f1ados para desalojar predio"},"content":{"rendered":"\n<p>Yuridiana Sosa\/Zona Roja.<\/p>\n\n\n\n<p>Oaxaca de Ju\u00e1rez, Oax. 16 de febrero de 2024.- Ex trabajadores de la antigua f\u00e1brica Novop\u00e1n, con predios donde actualmente se construye el parque \u201cPrimavera\u201d, en la capital de Oaxaca, se manifestaron en el z\u00f3calo para exigir al gobierno que cumpla con el pago de la indemnizaci\u00f3n, tras desalojar el inmueble que ocuparon por 23 a\u00f1os.<\/p>\n\n\n\n<p>Los representantes de 67 trabajadoras y trabajadores, en su mayor\u00eda personas de la tercera edad, se\u00f1alaron que el Gobierno del Estado se comprometi\u00f3 a dar soluci\u00f3n a su exigencia de una liquidaci\u00f3n justa con el fin de la desocupaci\u00f3n del inmueble de la ex f\u00e1brica -que abarcan seis hect\u00e1reas- y dar paso a la construcci\u00f3n del parque cultural y deportivo.<\/p>\n\n\n\n<p>\u201c\u00a1No m\u00e1s pl\u00e1ticas!, \u00a1Basta de enga\u00f1os!, \u00a1Exigimos pronta soluci\u00f3n!\u201d, reclamaron por medio de pancartas.<\/p>\n\n\n\n<p>Se\u00f1alaron que el representante del gobierno, Jos\u00e9 Luis Ruedas, les prometi\u00f3 que para tr\u00e1mites posteriores no hab\u00eda necesidad de realizar minutas o un documento que diera fe al desalojo pac\u00edfico del inmueble, pese a la insistencia de los ex trabajadores de contar con un respaldo.<\/p>\n\n\n\n<p>Sin embargo, desde el pasado 22 de agosto, cuando ocurri\u00f3 la desocupaci\u00f3n a la f\u00e1brica, a la fecha no hay ning\u00fan tipo de avances para atender sus demandas y &nbsp;las autoridades les exigen la toma de nota de la mesa directiva del grupo que representa a los afectados.<\/p>\n\n\n\n<p>Pero, ante el cambio de las leyes laborales los documentos con los que cuentan no los hacen v\u00e1lidos, apuntaron.<\/p>\n\n\n\n<p>Adem\u00e1s, ahora los representantes del gobierno se\u00f1alan que el estado no se puede hacer responsable del pago de la liquidaci\u00f3n correspondiente a una empresa particular.<\/p>\n\n\n\n<p>Pues los afectados refieren que siguen siendo trabajadores al no ser liquidados ante el cierre de la empresa tras estallar una huelga en abril de 2001, desde cuando permanecieron en el resguardo del inmueble donde laboraron.<\/p>\n\n\n\n<p>\u201cNos enfrentamos a varios problemas, hasta al c\u00e1rtel del despojo y ah\u00ed seguimos\u201d, expresaron las personas, para quienes obtener el recurso de su liquidaci\u00f3n se ha convertido en una de sus metas de vida.<\/p>\n\n\n\n<p>\u201cYa estamos dando los \u00faltimos pasos en esta vida\u201d, expres\u00f3 Miguel \u00c1ngel L\u00f3pez, ex trabajador afectado.<\/p>\n\n\n\n<p>Las mujeres y hombres demandan una mesa de di\u00e1logo directa con el gobernador Salom\u00f3n Jara Cruz para encontrar una respuesta positiva a su demanda.<\/p>\n\n\n\n<p>De no ser as\u00ed, y al sentirse enga\u00f1ados por la autoridad, no descartan la posibilidad de volver a ocupar el predio de la antigua f\u00e1brica&nbsp; Novop\u00e1n y con ello frenar las obras del parque \u201cPrimavera\u201d.<\/p>\n","protected":false},"excerpt":{"rendered":"<p>Yuridiana Sosa\/Zona Roja. Oaxaca de Ju\u00e1rez, Oax. 16 de febrero de 2024.- Ex trabajadores de&hellip;<\/p>\n","protected":false},"author":2,"featured_media":65368,"comment_status":"closed","ping_status":"open","sticky":false,"template":"","format":"standard","meta":{"_lmt_disableupdate":"","_lmt_disable":"","_jetpack_memberships_contains_paid_content":false,"footnotes":""},"categories":[109,47],"tags":[],"class_list":["post-65366","post","type-post","status-publish","format-standard","has-post-thumbnail","hentry","category-minuto-a-minuto","category-zona-gris"],"jetpack_featured_media_url":"https:\/\/zonaroja.com.mx\/wp-content\/uploads\/2024\/02\/Protesta-ex-trabajadores-Novopan.jpg","jetpack_sharing_enabled":true,"_links":{"self":[{"href":"https:\/\/zonaroja.com.mx\/index.php?rest_route=\/wp\/v2\/posts\/65366","targetHints":{"allow":["GET"]}}],"collection":[{"href":"https:\/\/zonaroja.com.mx\/index.php?rest_route=\/wp\/v2\/posts"}],"about":[{"href":"https:\/\/zonaroja.com.mx\/index.php?rest_route=\/wp\/v2\/types\/post"}],"author":[{"embeddable":true,"href":"https:\/\/zonaroja.com.mx\/index.php?rest_route=\/wp\/v2\/users\/2"}],"replies":[{"embeddable":true,"href":"https:\/\/zonaroja.com.mx\/index.php?rest_route=%2Fwp%2Fv2%2Fcomments&post=65366"}],"version-history":[{"count":1,"href":"https:\/\/zonaroja.com.mx\/index.php?rest_route=\/wp\/v2\/posts\/65366\/revisions"}],"predecessor-version":[{"id":65369,"href":"https:\/\/zonaroja.com.mx\/index.php?rest_route=\/wp\/v2\/posts\/65366\/revisions\/65369"}],"wp:featuredmedia":[{"embeddable":true,"href":"https:\/\/zonaroja.com.mx\/index.php?rest_route=\/wp\/v2\/media\/65368"}],"wp:attachment":[{"href":"https:\/\/zonaroja.com.mx\/index.php?rest_route=%2Fwp%2Fv2%2Fmedia&parent=65366"}],"wp:term":[{"taxonomy":"category","embeddable":true,"href":"https:\/\/zonaroja.com.mx\/index.php?rest_route=%2Fwp%2Fv2%2Fcategories&post=65366"},{"taxonomy":"post_tag","embeddable":true,"href":"https:\/\/zonaroja.com.mx\/index.php?rest_route=%2Fwp%2Fv2%2Ftags&post=65366"}],"curies":[{"name":"wp","href":"https:\/\/api.w.org\/{rel}","templated":true}]}}