{"id":6537,"date":"2019-12-10T12:31:15","date_gmt":"2019-12-10T18:31:15","guid":{"rendered":"https:\/\/www.zonaroja.com.mx\/?p=6537"},"modified":"2019-12-11T19:45:38","modified_gmt":"2019-12-12T01:45:38","slug":"autobus-con-migrantes-agricolas-se-queda-sin-freno-dos-muerdos","status":"publish","type":"post","link":"https:\/\/zonaroja.com.mx\/?p=6537","title":{"rendered":"Autob\u00fas con migrantes agr\u00edcolas se queda sin freno; dos muertos"},"content":{"rendered":"\n<p>Redacci\u00f3n\/Zona Roja. <\/p>\n\n\n\n<p>Oaxaca de Ju\u00e1rez, Oax., 10 de diciembre de 2019.- Por fallas en los frenos, un cami\u00f3n con trabajadores agr\u00edcolas oaxaque\u00f1os que proven\u00edan de Sonora, volc\u00f3 en la supercarretera Oaxaca-Cuacnopalan, con saldo de dos muertos y varios lesionados. <\/p>\n\n\n\n<p>El percance ocurri\u00f3 alrededor de las nueve de la ma\u00f1ana de este martes aproximadamente en el kil\u00f3metro 219, a un costado de la caseta de peaje de Huitzo, Oaxaca. <\/p>\n\n\n\n<p><div class=\"twitter-tweet\"><blockquote class=\"twitter-tweet\" data-lang=\"es\"><p lang=\"es\" dir=\"ltr\">Diversas corporaciones de auxilio, entre ellas el Cuerpo de Bomberos, ya laboran en el lugar del accidente, en la supercarretera Oaxaca-Cuacnopalan; a\u00fan no hay datos precisos del n\u00famero de v\u00edctimas. <a href=\"https:\/\/t.co\/osRwjoj8W9\">pic.twitter.com\/osRwjoj8W9<\/a><\/p>&mdash; Zona Roja Oaxaca (@MexRoja) <a href=\"https:\/\/twitter.com\/MexRoja\/status\/1204431846865424385?ref_src=twsrc%5Etfw\">10 de diciembre de 2019<\/a><\/blockquote><\/div><\/p>\n\n\n\n<p>La unidad proced\u00eda de Hermosillo y a bordo ven\u00edan 45 pasajeros, dos choferes y un auxiliar de conductor. <\/p>\n\n\n\n<p>Fuentes de la Fiscal\u00eda General del Estado confirmaron que dos personas perdieron la vida en el percance, una de 23 a\u00f1os de edad, originaria de San Pedro Mixtepec, Miahuatl\u00e1n, y un joven de 16 a\u00f1os, originario de San Crist\u00f3bal Hondura, Coatl\u00e1n Miahuatl\u00e1n. <\/p>\n\n\n\n<p>Tras el percance fueron movilizados integrantes del Heroico Cuerpo de Bomberos, la Polic\u00eda Vial y la Coordinaci\u00f3n Estatal de Protecci\u00f3n Civil (CEPCO), junto con la Cruz Roja Mexicana y grupos voluntarios.<\/p>\n\n\n\n<p><div class=\"twitter-tweet\"><blockquote class=\"twitter-tweet\" data-lang=\"es\"><p lang=\"es\" dir=\"ltr\">Un fuerte accidente carretero se suscit\u00f3 esta ma\u00f1ana en la supercarretera Oaxaca-Cuacnopalan, cerca de la caseta de peaje de Huitzo; varias personas lesionadas y de manera preliminar se informa que hay fallecidos. <a href=\"https:\/\/t.co\/JAvQmkG3sK\">pic.twitter.com\/JAvQmkG3sK<\/a><\/p>&mdash; Zona Roja Oaxaca (@MexRoja) <a href=\"https:\/\/twitter.com\/MexRoja\/status\/1204423829298266113?ref_src=twsrc%5Etfw\">10 de diciembre de 2019<\/a><\/blockquote><\/div><\/p>\n\n\n\n<p>Los heridos, cinco de ellos de gravedad, fueron trasladados al Hospital Civil, al Hospital de Especialidades y al hospital de la Cruz Roja Mexicana.<\/p>\n\n\n\n<p>En tanto las autoridades correspondientes, realizan las investigaciones de la causa que genero el accidente para deslindar responsabilidades.<\/p>\n","protected":false},"excerpt":{"rendered":"<p>Redacci\u00f3n\/Zona Roja. Oaxaca de Ju\u00e1rez, Oax., 10 de diciembre de 2019.- Por fallas en los&hellip;<\/p>\n","protected":false},"author":2,"featured_media":6536,"comment_status":"closed","ping_status":"open","sticky":false,"template":"","format":"standard","meta":{"_lmt_disableupdate":"","_lmt_disable":"","_jetpack_memberships_contains_paid_content":false,"footnotes":""},"categories":[109,47],"tags":[],"class_list":["post-6537","post","type-post","status-publish","format-standard","has-post-thumbnail","hentry","category-minuto-a-minuto","category-zona-gris"],"jetpack_featured_media_url":"https:\/\/zonaroja.com.mx\/wp-content\/uploads\/2019\/12\/e3a862d4-75f0-41cd-9f46-2e52798e70db.jpg","jetpack_sharing_enabled":true,"_links":{"self":[{"href":"https:\/\/zonaroja.com.mx\/index.php?rest_route=\/wp\/v2\/posts\/6537","targetHints":{"allow":["GET"]}}],"collection":[{"href":"https:\/\/zonaroja.com.mx\/index.php?rest_route=\/wp\/v2\/posts"}],"about":[{"href":"https:\/\/zonaroja.com.mx\/index.php?rest_route=\/wp\/v2\/types\/post"}],"author":[{"embeddable":true,"href":"https:\/\/zonaroja.com.mx\/index.php?rest_route=\/wp\/v2\/users\/2"}],"replies":[{"embeddable":true,"href":"https:\/\/zonaroja.com.mx\/index.php?rest_route=%2Fwp%2Fv2%2Fcomments&post=6537"}],"version-history":[{"count":2,"href":"https:\/\/zonaroja.com.mx\/index.php?rest_route=\/wp\/v2\/posts\/6537\/revisions"}],"predecessor-version":[{"id":6586,"href":"https:\/\/zonaroja.com.mx\/index.php?rest_route=\/wp\/v2\/posts\/6537\/revisions\/6586"}],"wp:featuredmedia":[{"embeddable":true,"href":"https:\/\/zonaroja.com.mx\/index.php?rest_route=\/wp\/v2\/media\/6536"}],"wp:attachment":[{"href":"https:\/\/zonaroja.com.mx\/index.php?rest_route=%2Fwp%2Fv2%2Fmedia&parent=6537"}],"wp:term":[{"taxonomy":"category","embeddable":true,"href":"https:\/\/zonaroja.com.mx\/index.php?rest_route=%2Fwp%2Fv2%2Fcategories&post=6537"},{"taxonomy":"post_tag","embeddable":true,"href":"https:\/\/zonaroja.com.mx\/index.php?rest_route=%2Fwp%2Fv2%2Ftags&post=6537"}],"curies":[{"name":"wp","href":"https:\/\/api.w.org\/{rel}","templated":true}]}}