{"id":65377,"date":"2024-02-17T07:23:05","date_gmt":"2024-02-17T13:23:05","guid":{"rendered":"http:\/\/www.zonaroja.com.mx\/?p=65377"},"modified":"2024-02-17T07:23:05","modified_gmt":"2024-02-17T13:23:05","slug":"crece-inseguridad-en-oaxaca-capital-matan-a-balazos-a-individuo","status":"publish","type":"post","link":"https:\/\/zonaroja.com.mx\/?p=65377","title":{"rendered":"Crece inseguridad en Oaxaca capital: matan a balazos a individuo"},"content":{"rendered":"\n<p>Ismael Garc\u00eda M.\/Zona Roja.<\/p>\n\n\n\n<p>Oaxaca de Ju\u00e1rez, Oax., a 17 de febrero de 2024.- Una persona del sexo masculino fue asesinada anoche en el fraccionamiento Infonavit \u201cRicardo Flores Mag\u00f3n\u201d de la ciudad de Oaxaca.<\/p>\n\n\n\n<p>Fue alrededor de las 22:00 horas en que sujetos armados ultimaron al individuo, que portaba una camisa a cuadros y pantal\u00f3n de mezclilla y cuyo cuerpo, con al menos cinco impactos de arma de fuego, cay\u00f3 detr\u00e1s de una camioneta.<\/p>\n\n\n\n<p>Personal del Heroico Cuerpo de Bomberos arrib\u00f3 al sitio para brindar los primeros auxilios, pero tras ello corrobor\u00f3 que ya no contaba con signos vitales.<\/p>\n\n\n\n<p>De manera extraoficial se dio a conocer que la v\u00edctima fue identificada como Ezra A. C., de aproximadamente 42 a\u00f1os de edad.<\/p>\n\n\n\n<p>A falta de vigilancia por parte de la polic\u00eda municipal de Oaxaca de Ju\u00e1rez, pese a ser una zona populosa, no hay personas detenidas.<\/p>\n\n\n\n<p>Tras los hechos arrib\u00f3 personal de la Fiscal\u00eda General del Estado de Oaxaca para iniciar las investigaciones correspondientes.<\/p>\n","protected":false},"excerpt":{"rendered":"<p>Ismael Garc\u00eda M.\/Zona Roja. Oaxaca de Ju\u00e1rez, Oax., a 17 de febrero de 2024.- Una&hellip;<\/p>\n","protected":false},"author":2,"featured_media":65378,"comment_status":"closed","ping_status":"open","sticky":false,"template":"","format":"standard","meta":{"_lmt_disableupdate":"","_lmt_disable":"","_jetpack_memberships_contains_paid_content":false,"footnotes":""},"categories":[109,51],"tags":[148],"class_list":["post-65377","post","type-post","status-publish","format-standard","has-post-thumbnail","hentry","category-minuto-a-minuto","category-zona-roja","tag-oaxaca-de-juarez"],"jetpack_featured_media_url":"https:\/\/zonaroja.com.mx\/wp-content\/uploads\/2024\/02\/Ejecutado-Infonavit-Ricardo-Flores-Magon-Oaxaca.jpg","jetpack_sharing_enabled":true,"_links":{"self":[{"href":"https:\/\/zonaroja.com.mx\/index.php?rest_route=\/wp\/v2\/posts\/65377","targetHints":{"allow":["GET"]}}],"collection":[{"href":"https:\/\/zonaroja.com.mx\/index.php?rest_route=\/wp\/v2\/posts"}],"about":[{"href":"https:\/\/zonaroja.com.mx\/index.php?rest_route=\/wp\/v2\/types\/post"}],"author":[{"embeddable":true,"href":"https:\/\/zonaroja.com.mx\/index.php?rest_route=\/wp\/v2\/users\/2"}],"replies":[{"embeddable":true,"href":"https:\/\/zonaroja.com.mx\/index.php?rest_route=%2Fwp%2Fv2%2Fcomments&post=65377"}],"version-history":[{"count":1,"href":"https:\/\/zonaroja.com.mx\/index.php?rest_route=\/wp\/v2\/posts\/65377\/revisions"}],"predecessor-version":[{"id":65379,"href":"https:\/\/zonaroja.com.mx\/index.php?rest_route=\/wp\/v2\/posts\/65377\/revisions\/65379"}],"wp:featuredmedia":[{"embeddable":true,"href":"https:\/\/zonaroja.com.mx\/index.php?rest_route=\/wp\/v2\/media\/65378"}],"wp:attachment":[{"href":"https:\/\/zonaroja.com.mx\/index.php?rest_route=%2Fwp%2Fv2%2Fmedia&parent=65377"}],"wp:term":[{"taxonomy":"category","embeddable":true,"href":"https:\/\/zonaroja.com.mx\/index.php?rest_route=%2Fwp%2Fv2%2Fcategories&post=65377"},{"taxonomy":"post_tag","embeddable":true,"href":"https:\/\/zonaroja.com.mx\/index.php?rest_route=%2Fwp%2Fv2%2Ftags&post=65377"}],"curies":[{"name":"wp","href":"https:\/\/api.w.org\/{rel}","templated":true}]}}