{"id":65385,"date":"2024-02-17T11:36:00","date_gmt":"2024-02-17T17:36:00","guid":{"rendered":"http:\/\/www.zonaroja.com.mx\/?p=65385"},"modified":"2024-02-17T07:42:54","modified_gmt":"2024-02-17T13:42:54","slug":"otro-crimen-politico-ahora-en-guerrero-cuatro-asesinados-en-chiapas","status":"publish","type":"post","link":"https:\/\/zonaroja.com.mx\/?p=65385","title":{"rendered":"Otro crimen pol\u00edtico, ahora en Guerrero; cuatro asesinados en Chiapas"},"content":{"rendered":"\n<p>Redacci\u00f3n\/Zona Roja Cdmx.<\/p>\n\n\n\n<p>Ciudad de M\u00e9xico, a 17 de febrero de 2024.- El regidor de Educaci\u00f3n en el ayuntamiento de Cual\u00e1c, Manuel Eugenio Arriaga Rosendo, fue localizado sin vida en su casa en Guerrero.<\/p>\n\n\n\n<p>Arriaga Rosendo buscaba la Presidencia municipal de Cual\u00e1c por el Partido del Trabajo (PT), de acuerdo con informaci\u00f3n publicada por el sitio \u201cExpansi\u00f3n Pol\u00edtica\u201d.<\/p>\n\n\n\n<p>Victoriano Wences Real, dirigente del PT en Guerrero, lament\u00f3 su muerte y reconoci\u00f3 su trabajo pol\u00edtico y lealtad.&nbsp;<\/p>\n\n\n\n<p>EN CHIAPAS<\/p>\n\n\n\n<p>Tambi\u00e9n ayer, seg\u00fan informaci\u00f3n publicada por \u201cLa Jornada\u201d, cuatro hombres, entre ellos un menor de edad, fueron asesinados a balazos en el municipio de Arriaga, Chiapas, en los l\u00edmites con el vecino estado de Oaxaca, informaron fuentes del gobierno.<\/p>\n\n\n\n<p>La Fiscal\u00eda General del Estado confirm\u00f3 el m\u00faltiple homicidio en la colonia Emiliano Zapata, una comunidad costera a 25 kil\u00f3metros de la cabecera municipal.<\/p>\n\n\n\n<p>En un comunicado, la autoridad indic\u00f3 que se identific\u00f3 a tres de los cuerpos. Las v\u00edctimas son Alfredo \u201cN\u201d, Abraham \u201cN\u201d y el menor de nombre \u00d3scar \u201cN\u201d, un cuarto hombre qued\u00f3 en calidad de desconocido.<\/p>\n\n\n\n<p>Fuentes extraoficiales se\u00f1alaron que hombres armados atacaron a balazos a las v\u00edctimas, cuyos cuerpos quedaron afuera de un domicilio particular.<\/p>\n\n\n\n<p>EN JALISCO<\/p>\n\n\n\n<p>Tambi\u00e9n en informaci\u00f3n de \u201cLa Jornada\u201d, civiles armados y elementos de la Guardia Nacional (GN) se enfrentaron ayer en la noche en el tramo carretero que va de Ciudad Guzm\u00e1n a Tonaya, al sur de Jalisco, aunque al cierre de edici\u00f3n no exist\u00eda el reporte oficial sobre posibles v\u00edctimas, pero s\u00ed de tres bloqueos con camiones de carga en v\u00edas de acceso al primer municipio.<\/p>\n\n\n\n<p>El alcalde de Ciudad Guzm\u00e1n, Alejandro Barrag\u00e1n, inform\u00f3 en redes sociales que el enfrentamiento y los bloqueos comenzaron a las 19:30 horas y fueron reacciones de un grupo delictivo \u201ca la detenci\u00f3n de una persona\u201d.&nbsp;<\/p>\n\n\n\n<p>La zona fue rodeada por fuerzas de los tres niveles de gobierno. Versiones extraoficiales se\u00f1alaron que muri\u00f3 un civil y un integrante de la GN result\u00f3 herido, pero no se revel\u00f3 si hubo detenidos.<\/p>\n\n\n\n<p>EN MICHOAC\u00c1N<\/p>\n\n\n\n<p>En distintos puntos, tres personas fueron asesinadas en el municipio de Apatzing\u00e1n, Michoac\u00e1n, de las cuales dos se encontraban decapitadas, detalla una nota informativa de \u201cMilenio\u201d.<\/p>\n\n\n\n<p>El primer hallazgo ocurri\u00f3 en la colonia Adolfo Ruiz Cortines, donde un motociclista fue asesinado a balazos&nbsp;por personas desconocidas.<\/p>\n\n\n\n<p>Posteriormente, los cuerpos de dos hombres decapitados fueron abandonados en la colonia Lajas de Acapulco, sobre la avenida Constituci\u00f3n de 1814.<\/p>\n","protected":false},"excerpt":{"rendered":"<p>Redacci\u00f3n\/Zona Roja Cdmx. Ciudad de M\u00e9xico, a 17 de febrero de 2024.- El regidor de&hellip;<\/p>\n","protected":false},"author":2,"featured_media":7486,"comment_status":"closed","ping_status":"open","sticky":false,"template":"","format":"standard","meta":{"_lmt_disableupdate":"","_lmt_disable":"","_jetpack_memberships_contains_paid_content":false,"footnotes":""},"categories":[109,51],"tags":[1746],"class_list":["post-65385","post","type-post","status-publish","format-standard","has-post-thumbnail","hentry","category-minuto-a-minuto","category-zona-roja","tag-violencia-en-mexico"],"jetpack_featured_media_url":"https:\/\/zonaroja.com.mx\/wp-content\/uploads\/2020\/01\/Escena-del-crimen7.jpg","jetpack_sharing_enabled":true,"_links":{"self":[{"href":"https:\/\/zonaroja.com.mx\/index.php?rest_route=\/wp\/v2\/posts\/65385","targetHints":{"allow":["GET"]}}],"collection":[{"href":"https:\/\/zonaroja.com.mx\/index.php?rest_route=\/wp\/v2\/posts"}],"about":[{"href":"https:\/\/zonaroja.com.mx\/index.php?rest_route=\/wp\/v2\/types\/post"}],"author":[{"embeddable":true,"href":"https:\/\/zonaroja.com.mx\/index.php?rest_route=\/wp\/v2\/users\/2"}],"replies":[{"embeddable":true,"href":"https:\/\/zonaroja.com.mx\/index.php?rest_route=%2Fwp%2Fv2%2Fcomments&post=65385"}],"version-history":[{"count":1,"href":"https:\/\/zonaroja.com.mx\/index.php?rest_route=\/wp\/v2\/posts\/65385\/revisions"}],"predecessor-version":[{"id":65386,"href":"https:\/\/zonaroja.com.mx\/index.php?rest_route=\/wp\/v2\/posts\/65385\/revisions\/65386"}],"wp:featuredmedia":[{"embeddable":true,"href":"https:\/\/zonaroja.com.mx\/index.php?rest_route=\/wp\/v2\/media\/7486"}],"wp:attachment":[{"href":"https:\/\/zonaroja.com.mx\/index.php?rest_route=%2Fwp%2Fv2%2Fmedia&parent=65385"}],"wp:term":[{"taxonomy":"category","embeddable":true,"href":"https:\/\/zonaroja.com.mx\/index.php?rest_route=%2Fwp%2Fv2%2Fcategories&post=65385"},{"taxonomy":"post_tag","embeddable":true,"href":"https:\/\/zonaroja.com.mx\/index.php?rest_route=%2Fwp%2Fv2%2Ftags&post=65385"}],"curies":[{"name":"wp","href":"https:\/\/api.w.org\/{rel}","templated":true}]}}