{"id":65393,"date":"2024-02-17T18:03:13","date_gmt":"2024-02-18T00:03:13","guid":{"rendered":"http:\/\/www.zonaroja.com.mx\/?p=65393"},"modified":"2024-02-17T18:03:35","modified_gmt":"2024-02-18T00:03:35","slug":"dicen-ambulantes-que-fueron-enganados-para-quitarlos-de-centro-historico","status":"publish","type":"post","link":"https:\/\/zonaroja.com.mx\/?p=65393","title":{"rendered":"Dicen ambulantes que fueron enga\u00f1ados para quitarlos de Centro Hist\u00f3rico"},"content":{"rendered":"\n<p>Yuridiana Sosa\/Zona Roja.<\/p>\n\n\n\n<p>Oaxaca de Ju\u00e1rez, Oax., 17 de febrero de 2024.- Con un operativo policial, el gobierno de Oaxaca y el municipal impidieron la reinstalaci\u00f3n de 32 puestos ambulantes que, bajo un supuesto acuerdo, se hab\u00edan retirado de la calle de Gurri\u00f3n, a un costado de Santo Domingo de Guzm\u00e1n, durante tres d\u00edas con motivo de \u201cSan Valent\u00edn\u201d.<\/p>\n\n\n\n<p>Los vendedores, agrupados en la organizaci\u00f3n \u201cSol Rojo\u201d, denunciaron que las autoridades incumplieron en la minuta de acuerdos de diciembre de 2022 en la que permiten su instalaci\u00f3n de forma permanente, a cambio de su retiro del z\u00f3calo, ello hasta que existan nuevos arreglos.&nbsp;<\/p>\n\n\n\n<p>Para tratar de recuperar sus espacios y denunciar los actos, los ambulantes instalaron un campamento de denuncia sobre la calle Gurri\u00f3n, donde negaron que haya di\u00e1logo con la Secretar\u00eda de Gobierno y hayan accedido a su retiro definitivo.<\/p>\n\n\n\n<p>Detallaron que el pasado 13 de febrero Edgar Gandarillas y Carlos \u201cN\u201d, de la Secretar\u00eda de Gobierno, les solicitaron su retiro provisional por un evento durante los d\u00edas 14, 15 y 16 de febrero.&nbsp;<\/p>\n\n\n\n<p>A lo que accedieron, como lo han realizado en otras actividades, pero a su regreso este s\u00e1bado, como acordaron, &nbsp;fueron recibidos por un operativo armado de Polic\u00eda Estatal y Municipal, para evitar su reinstalaci\u00f3n.<\/p>\n\n\n\n<p>ACUERDOS<\/p>\n\n\n\n<p>La organizaci\u00f3n \u201cSol Rojo\u201d se\u00f1al\u00f3 que en la minuta de diciembre de 2022 se\u00f1ala la colocaci\u00f3n de los &nbsp;puestos de trabajo derivado de un di\u00e1logo para retirarse del z\u00f3calo de la ciudad.<\/p>\n\n\n\n<p>En la minuta se estableci\u00f3 que se deb\u00edan retirar durante eventos especiales y posterior a los eventos volver\u00edan a colocarse.<\/p>\n\n\n\n<p>\u201cNo se nos mover\u00e1 de estos espacios en cuanto no haya un acuerdo posterior firmado y se resolver\u00e1n las demandas de justicia de sus &nbsp;compa\u00f1eros\u201d, expusieron esta ma\u00f1ana. <\/p>\n\n\n\n<p><\/p>\n","protected":false},"excerpt":{"rendered":"<p>Yuridiana Sosa\/Zona Roja. Oaxaca de Ju\u00e1rez, Oax., 17 de febrero de 2024.- Con un operativo&hellip;<\/p>\n","protected":false},"author":2,"featured_media":65392,"comment_status":"closed","ping_status":"open","sticky":false,"template":"","format":"standard","meta":{"_lmt_disableupdate":"","_lmt_disable":"","_jetpack_memberships_contains_paid_content":false,"footnotes":""},"categories":[109,47],"tags":[],"class_list":["post-65393","post","type-post","status-publish","format-standard","has-post-thumbnail","hentry","category-minuto-a-minuto","category-zona-gris"],"jetpack_featured_media_url":"https:\/\/zonaroja.com.mx\/wp-content\/uploads\/2024\/02\/bf50d64a-2fa0-4514-be63-3ad994a36d96-1.jpg","jetpack_sharing_enabled":true,"_links":{"self":[{"href":"https:\/\/zonaroja.com.mx\/index.php?rest_route=\/wp\/v2\/posts\/65393","targetHints":{"allow":["GET"]}}],"collection":[{"href":"https:\/\/zonaroja.com.mx\/index.php?rest_route=\/wp\/v2\/posts"}],"about":[{"href":"https:\/\/zonaroja.com.mx\/index.php?rest_route=\/wp\/v2\/types\/post"}],"author":[{"embeddable":true,"href":"https:\/\/zonaroja.com.mx\/index.php?rest_route=\/wp\/v2\/users\/2"}],"replies":[{"embeddable":true,"href":"https:\/\/zonaroja.com.mx\/index.php?rest_route=%2Fwp%2Fv2%2Fcomments&post=65393"}],"version-history":[{"count":1,"href":"https:\/\/zonaroja.com.mx\/index.php?rest_route=\/wp\/v2\/posts\/65393\/revisions"}],"predecessor-version":[{"id":65394,"href":"https:\/\/zonaroja.com.mx\/index.php?rest_route=\/wp\/v2\/posts\/65393\/revisions\/65394"}],"wp:featuredmedia":[{"embeddable":true,"href":"https:\/\/zonaroja.com.mx\/index.php?rest_route=\/wp\/v2\/media\/65392"}],"wp:attachment":[{"href":"https:\/\/zonaroja.com.mx\/index.php?rest_route=%2Fwp%2Fv2%2Fmedia&parent=65393"}],"wp:term":[{"taxonomy":"category","embeddable":true,"href":"https:\/\/zonaroja.com.mx\/index.php?rest_route=%2Fwp%2Fv2%2Fcategories&post=65393"},{"taxonomy":"post_tag","embeddable":true,"href":"https:\/\/zonaroja.com.mx\/index.php?rest_route=%2Fwp%2Fv2%2Ftags&post=65393"}],"curies":[{"name":"wp","href":"https:\/\/api.w.org\/{rel}","templated":true}]}}