{"id":65397,"date":"2024-02-17T19:59:10","date_gmt":"2024-02-18T01:59:10","guid":{"rendered":"http:\/\/www.zonaroja.com.mx\/?p=65397"},"modified":"2024-02-17T19:59:12","modified_gmt":"2024-02-18T01:59:12","slug":"matan-a-un-individuo-en-la-region-del-istmo-y-otras-dos-en-la-mixteca","status":"publish","type":"post","link":"https:\/\/zonaroja.com.mx\/?p=65397","title":{"rendered":"Matan a un individuo en la regi\u00f3n del Istmo y otras dos en la Mixteca"},"content":{"rendered":"\n<p>Raymundo Morales\/Zona Roja.<\/p>\n\n\n\n<p>Oaxaca de Ju\u00e1rez, Oax., a 17 de febrero de 2024.- Tres personas fueron asesinadas en las \u00faltimas 24 horas en el estado de Oaxaca.<\/p>\n\n\n\n<p>Un crimen se perpetr\u00f3 la ma\u00f1ana de hoy en jurisdicci\u00f3n de Juchit\u00e1n de Zaragoza.<\/p>\n\n\n\n<p>El cuerpo fue localizado en el tramo carretero de que comunica a ese municipio con El Espinal, cerca de una empresa cervecera.<\/p>\n\n\n\n<p>La v\u00edctima fue identificada como V\u00edctor G. P., de aproximadamente 40 a\u00f1os de edad, quien fue ultimado de varios impactos de arma de fuego.<\/p>\n\n\n\n<p>La tard\u00eda respuesta de la corporaci\u00f3n municipal impidi\u00f3 la detenci\u00f3n de alg\u00fan probable responsable.<\/p>\n\n\n\n<p>Mientras tanto en San Miguel Tlacotepec, municipio de la regi\u00f3n Mixteca, fue hallado el cuerpo sin vida de un hombre, cuya identidad hasta ahora se desconoce.<\/p>\n\n\n\n<p>Fue localizado esta ma\u00f1ana en un camino de terracer\u00eda de dicha municipalidad y al parecer fue asesinado a golpes y pedradas, principalmente en la cara y la cabeza.<\/p>\n\n\n\n<p>Mientras tanto en Mariscala de Ju\u00e1rez, municipio de la Mixteca, fue acribillado un hombre quien en vida respondi\u00f3 al nombre de Cuauht\u00e9moc M. J., de 48 a\u00f1os de edad.<\/p>\n\n\n\n<p>El cuerpo fue localizado la tarde de ayer en un camino de terracer\u00eda a la comunidad El Carrizal y tampoco hay personas detenidas.<\/p>\n\n\n\n<p>Los casos son investigados por la Fiscal\u00eda General del Estado de Oaxaca, a trav\u00e9s de sus respectivas vicefiscal\u00edas y por el momento no hay personas detenidas.<\/p>\n","protected":false},"excerpt":{"rendered":"<p>Raymundo Morales\/Zona Roja. Oaxaca de Ju\u00e1rez, Oax., a 17 de febrero de 2024.- Tres personas&hellip;<\/p>\n","protected":false},"author":2,"featured_media":65398,"comment_status":"closed","ping_status":"open","sticky":false,"template":"","format":"standard","meta":{"_lmt_disableupdate":"","_lmt_disable":"","_jetpack_memberships_contains_paid_content":false,"footnotes":""},"categories":[109,51],"tags":[123],"class_list":["post-65397","post","type-post","status-publish","format-standard","has-post-thumbnail","hentry","category-minuto-a-minuto","category-zona-roja","tag-juchitan-de-zaragoza"],"jetpack_featured_media_url":"https:\/\/zonaroja.com.mx\/wp-content\/uploads\/2024\/02\/Ejecutdo-Juchitan.jpeg","jetpack_sharing_enabled":true,"_links":{"self":[{"href":"https:\/\/zonaroja.com.mx\/index.php?rest_route=\/wp\/v2\/posts\/65397","targetHints":{"allow":["GET"]}}],"collection":[{"href":"https:\/\/zonaroja.com.mx\/index.php?rest_route=\/wp\/v2\/posts"}],"about":[{"href":"https:\/\/zonaroja.com.mx\/index.php?rest_route=\/wp\/v2\/types\/post"}],"author":[{"embeddable":true,"href":"https:\/\/zonaroja.com.mx\/index.php?rest_route=\/wp\/v2\/users\/2"}],"replies":[{"embeddable":true,"href":"https:\/\/zonaroja.com.mx\/index.php?rest_route=%2Fwp%2Fv2%2Fcomments&post=65397"}],"version-history":[{"count":1,"href":"https:\/\/zonaroja.com.mx\/index.php?rest_route=\/wp\/v2\/posts\/65397\/revisions"}],"predecessor-version":[{"id":65399,"href":"https:\/\/zonaroja.com.mx\/index.php?rest_route=\/wp\/v2\/posts\/65397\/revisions\/65399"}],"wp:featuredmedia":[{"embeddable":true,"href":"https:\/\/zonaroja.com.mx\/index.php?rest_route=\/wp\/v2\/media\/65398"}],"wp:attachment":[{"href":"https:\/\/zonaroja.com.mx\/index.php?rest_route=%2Fwp%2Fv2%2Fmedia&parent=65397"}],"wp:term":[{"taxonomy":"category","embeddable":true,"href":"https:\/\/zonaroja.com.mx\/index.php?rest_route=%2Fwp%2Fv2%2Fcategories&post=65397"},{"taxonomy":"post_tag","embeddable":true,"href":"https:\/\/zonaroja.com.mx\/index.php?rest_route=%2Fwp%2Fv2%2Ftags&post=65397"}],"curies":[{"name":"wp","href":"https:\/\/api.w.org\/{rel}","templated":true}]}}