{"id":6540,"date":"2019-12-10T13:56:24","date_gmt":"2019-12-10T19:56:24","guid":{"rendered":"https:\/\/www.zonaroja.com.mx\/?p=6540"},"modified":"2019-12-10T15:06:36","modified_gmt":"2019-12-10T21:06:36","slug":"tras-diversos-hechos-violentos-marchan-por-la-paz-en-jalapa-de-diaz","status":"publish","type":"post","link":"https:\/\/zonaroja.com.mx\/?p=6540","title":{"rendered":"Tras diversos hechos violentos, marchan por la paz en Jalapa de D\u00edaz"},"content":{"rendered":"\n<p class=\"MsoNormal\">Yuri Sosa\/Colaboraci\u00f3n. <\/p>\n\n\n\n<p class=\"MsoNormal\">San Juan Bautista Tuxtepec, Oax., 10 de diciembre de 2019.- Tras diversos hechos violentos y la detenci\u00f3n de su presidente municipal, ciudadanos y autoridades de San Felipe Jalapa de D\u00edaz, en la regi\u00f3n de la Cuenca, marcharon <a href=\"\/\/1\">este martes<\/a> en el centro de la poblaci\u00f3n para exigir a las autoridades estatales y federales paz ese municipio ind\u00edgena. <\/p>\n\n\n\n<p class=\"MsoNormal\">Con prendas y globos blancos, los pobladores de la comunidad ind\u00edgena mazateca, encabezados por el edil Arturo Garc\u00eda, se desplazaron por las principales calles del municipio. \u201c\u00a1No m\u00e1s violencia, queremos la paz!\u201d, fue una de las consignas que se escuch\u00f3 en el trayecto.<\/p>\n\n\n\n<p class=\"MsoNormal\">En la actividad participaron distintos sectores de la poblaci\u00f3n que tambi\u00e9n arribaron con cartulinas con distintos mensajes. Entre los grupos se registr\u00f3 la asistencia de la comunidad religiosa dirigida por el sacerdote de la comunidad, as\u00ed como algunos estudiantes.&nbsp;<\/p>\n\n\n\n<p class=\"MsoNormal\">\u201cLas familias, promotores de paz\u201d, citaban algunas cartulinas que tambi\u00e9n portaban personas adultas mayores.<\/p>\n\n\n\n<p class=\"MsoNormal\">El edil exigi\u00f3 a las autoridades de procuraci\u00f3n de justicia y de seguridad del orden estatal y federal que se dediquen a realizar su trabajo y \u201cdejen de perseguir inocente y que no politicen\u201d la situaci\u00f3n de violencia que azota a la regi\u00f3n.&nbsp;<\/p>\n\n\n\n<p class=\"MsoNormal\">Pues Arturo Garc\u00eda fue detenido a finales de octubre de este a\u00f1o por el delito de portaciones de armas de uso exclusivo del ej\u00e9rcito, durante un cateo que la Fiscal\u00eda General del Estado realiz\u00f3 en su domicilio.<\/p>\n\n\n\n<p class=\"MsoNormal\">La Fiscal\u00eda justific\u00f3 la revisi\u00f3n en cumplimiento a la causa penal 219\/2019 por el delito de desaparici\u00f3n de personas. En ese operativo se detuvo al edil y a 9 personas m\u00e1s, entre ellas mandos policiales del municipio.<\/p>\n\n\n\n<p class=\"MsoNormal\">Una semana despu\u00e9s, el presidente de Jalapa de D\u00edaz fue puesto en libertad por orden judicial ante la falta de sustento para su proceso por parte de la FGO; del resto de los detenidos no se ha emitido informaci\u00f3n.<\/p>\n\n\n\n<p class=\"MsoNormal\">Por esos hechos, el edil y diputados locales y federales manifestaron que se trataba de un asunto pol\u00edtico por parte del gobierno estatal, quien a trav\u00e9s de la Agencia Estatal de Investigaci\u00f3n \u201csembr\u00f3\u201d las armas.<\/p>\n\n\n\n<p class=\"MsoNormal\">Jalapa de D\u00edaz es uno de los municipios de la regi\u00f3n de la Cuenca en donde se han cometido diversos hechos violentos, principalmente el de homicidios dolosos.&nbsp;<\/p>\n","protected":false},"excerpt":{"rendered":"<p>Yuri Sosa\/Colaboraci\u00f3n. San Juan Bautista Tuxtepec, Oax., 10 de diciembre de 2019.- Tras diversos hechos&hellip;<\/p>\n","protected":false},"author":2,"featured_media":6546,"comment_status":"closed","ping_status":"open","sticky":false,"template":"","format":"standard","meta":{"_lmt_disableupdate":"","_lmt_disable":"","_jetpack_memberships_contains_paid_content":false,"footnotes":""},"categories":[109,47],"tags":[1017],"class_list":["post-6540","post","type-post","status-publish","format-standard","has-post-thumbnail","hentry","category-minuto-a-minuto","category-zona-gris","tag-san-felipa-jalapa-de-diaz"],"jetpack_featured_media_url":"https:\/\/zonaroja.com.mx\/wp-content\/uploads\/2019\/12\/97b5e3ce-d78a-43c5-9d64-90a3b81af18e.jpg","jetpack_sharing_enabled":true,"_links":{"self":[{"href":"https:\/\/zonaroja.com.mx\/index.php?rest_route=\/wp\/v2\/posts\/6540","targetHints":{"allow":["GET"]}}],"collection":[{"href":"https:\/\/zonaroja.com.mx\/index.php?rest_route=\/wp\/v2\/posts"}],"about":[{"href":"https:\/\/zonaroja.com.mx\/index.php?rest_route=\/wp\/v2\/types\/post"}],"author":[{"embeddable":true,"href":"https:\/\/zonaroja.com.mx\/index.php?rest_route=\/wp\/v2\/users\/2"}],"replies":[{"embeddable":true,"href":"https:\/\/zonaroja.com.mx\/index.php?rest_route=%2Fwp%2Fv2%2Fcomments&post=6540"}],"version-history":[{"count":3,"href":"https:\/\/zonaroja.com.mx\/index.php?rest_route=\/wp\/v2\/posts\/6540\/revisions"}],"predecessor-version":[{"id":6547,"href":"https:\/\/zonaroja.com.mx\/index.php?rest_route=\/wp\/v2\/posts\/6540\/revisions\/6547"}],"wp:featuredmedia":[{"embeddable":true,"href":"https:\/\/zonaroja.com.mx\/index.php?rest_route=\/wp\/v2\/media\/6546"}],"wp:attachment":[{"href":"https:\/\/zonaroja.com.mx\/index.php?rest_route=%2Fwp%2Fv2%2Fmedia&parent=6540"}],"wp:term":[{"taxonomy":"category","embeddable":true,"href":"https:\/\/zonaroja.com.mx\/index.php?rest_route=%2Fwp%2Fv2%2Fcategories&post=6540"},{"taxonomy":"post_tag","embeddable":true,"href":"https:\/\/zonaroja.com.mx\/index.php?rest_route=%2Fwp%2Fv2%2Ftags&post=6540"}],"curies":[{"name":"wp","href":"https:\/\/api.w.org\/{rel}","templated":true}]}}