{"id":65402,"date":"2024-02-18T08:46:00","date_gmt":"2024-02-18T14:46:00","guid":{"rendered":"http:\/\/www.zonaroja.com.mx\/?p=65402"},"modified":"2024-02-18T07:02:57","modified_gmt":"2024-02-18T13:02:57","slug":"vecinos-y-comerciantes-felicitan-a-gobierno-por-retiro-de-ambulantes-pero","status":"publish","type":"post","link":"https:\/\/zonaroja.com.mx\/?p=65402","title":{"rendered":"Vecinos y comerciantes felicitan a gobierno por retiro de ambulantes\u2026 pero"},"content":{"rendered":"\n<p>Ismael Garc\u00eda M.\/Zona Roja.<\/p>\n\n\n\n<p>Oaxaca de Ju\u00e1rez, Oax., a 18 de febrero de 2024.- Vecinos y comerciantes de las calles Gurri\u00f3n, 5 de Mayo, Constituci\u00f3n y Allende felicitaron al gobierno de Oaxaca por el retiro de puestos de ambulantes a un costado del templo de Santo Domingo de Guzm\u00e1n, Centro Hist\u00f3rico de la capital.<\/p>\n\n\n\n<p>Sin embargo, desde ayer de nueva cuenta los integrantes de la organizaci\u00f3n \u201cSol Rojo\u201d intentaron posesionarse de nuevo en ese espacio, por lo cual se mantiene este fin de semana un operativo con el fin de impedir la colocaci\u00f3n de puestos.<\/p>\n\n\n\n<p>Fue el pasado mi\u00e9rcoles 14 de febrero en que a trav\u00e9s de la Secretar\u00eda de Gobierno, el Gobierno del Estado inform\u00f3 que tras un di\u00e1logo, se acord\u00f3 con las organizaciones sociales el retiro de puestos en la calle Gurri\u00f3n, as\u00ed como de un campamento en la Alameda de Le\u00f3n.<\/p>\n\n\n\n<p>Tras ello, los vecinos y los comerciantes de las inmediaciones enviaron una carta de felicitaci\u00f3n al gobernador Salom\u00f3n Jara Cruz y al secretario de Gobierno, Jes\u00fas Romero L\u00f3pez.<\/p>\n\n\n\n<p>\u201cCabe destacar que los vecinos y comerciantes de las calles arriba citadas, hemos pedido en m\u00faltiples ocasiones a las autoridades tanto municipales y estatales el retiro de dichos puestos ya que han generado un sin n\u00famero de problemas en toda la zona debido a que son personas agresivas y que generan venta de mercanc\u00eda que ni siquiera provienen de la entidad.<\/p>\n\n\n\n<p>\u201cAgradecemos gobernador y secretario General su sensibilidad y que hayan volteado los ojos ante la insistencia de los vecinos y comerciantes establecidos para resolver en definitiva esta problem\u00e1tica que lleva un poco m\u00e1s de un a\u00f1o, ya que dichos puestos nunca hab\u00edan estado instalados en esta calle en particular, mismos que fueron creando problemas cuando \u00e9stos no exist\u00edan\u201d, refieren en su misiva.<\/p>\n\n\n\n<p>\u201cCreemos que el impulso que ha llevado a cabo su administraci\u00f3n en el rescate de espacios ic\u00f3nicos de la ciudad como es el caso del z\u00f3calo, establecer\u00e1 un nuevo rumbo para sumar m\u00e1s calles y andadores que requieren la protecci\u00f3n de las leyes para la preservaci\u00f3n del Patrimonio Cultural de la Humanidad\u201d, se\u00f1alaron.<\/p>\n\n\n\n<p>Al tiempo que reiteraron su respaldo a la autoridad estatal para el rescate de espacios como el que ahora involucra a vecinos del \u00e1rea circundante de la Iglesia de Santo Domingo.&nbsp;<\/p>\n\n\n\n<p>\u201cReiteramos nuestro agradecimiento por llevar a cabo la multicitada reubicaci\u00f3n por el bien del pueblo\u201d, exponen en su misiva p\u00fablica.<\/p>\n","protected":false},"excerpt":{"rendered":"<p>Ismael Garc\u00eda M.\/Zona Roja. Oaxaca de Ju\u00e1rez, Oax., a 18 de febrero de 2024.- Vecinos&hellip;<\/p>\n","protected":false},"author":2,"featured_media":65403,"comment_status":"closed","ping_status":"open","sticky":false,"template":"","format":"standard","meta":{"_lmt_disableupdate":"","_lmt_disable":"","_jetpack_memberships_contains_paid_content":false,"footnotes":""},"categories":[109,46],"tags":[],"class_list":["post-65402","post","type-post","status-publish","format-standard","has-post-thumbnail","hentry","category-minuto-a-minuto","category-zona-blanca"],"jetpack_featured_media_url":"https:\/\/zonaroja.com.mx\/wp-content\/uploads\/2024\/02\/Santo-Domingo-de-Guzman.jpeg","jetpack_sharing_enabled":true,"_links":{"self":[{"href":"https:\/\/zonaroja.com.mx\/index.php?rest_route=\/wp\/v2\/posts\/65402","targetHints":{"allow":["GET"]}}],"collection":[{"href":"https:\/\/zonaroja.com.mx\/index.php?rest_route=\/wp\/v2\/posts"}],"about":[{"href":"https:\/\/zonaroja.com.mx\/index.php?rest_route=\/wp\/v2\/types\/post"}],"author":[{"embeddable":true,"href":"https:\/\/zonaroja.com.mx\/index.php?rest_route=\/wp\/v2\/users\/2"}],"replies":[{"embeddable":true,"href":"https:\/\/zonaroja.com.mx\/index.php?rest_route=%2Fwp%2Fv2%2Fcomments&post=65402"}],"version-history":[{"count":1,"href":"https:\/\/zonaroja.com.mx\/index.php?rest_route=\/wp\/v2\/posts\/65402\/revisions"}],"predecessor-version":[{"id":65404,"href":"https:\/\/zonaroja.com.mx\/index.php?rest_route=\/wp\/v2\/posts\/65402\/revisions\/65404"}],"wp:featuredmedia":[{"embeddable":true,"href":"https:\/\/zonaroja.com.mx\/index.php?rest_route=\/wp\/v2\/media\/65403"}],"wp:attachment":[{"href":"https:\/\/zonaroja.com.mx\/index.php?rest_route=%2Fwp%2Fv2%2Fmedia&parent=65402"}],"wp:term":[{"taxonomy":"category","embeddable":true,"href":"https:\/\/zonaroja.com.mx\/index.php?rest_route=%2Fwp%2Fv2%2Fcategories&post=65402"},{"taxonomy":"post_tag","embeddable":true,"href":"https:\/\/zonaroja.com.mx\/index.php?rest_route=%2Fwp%2Fv2%2Ftags&post=65402"}],"curies":[{"name":"wp","href":"https:\/\/api.w.org\/{rel}","templated":true}]}}