{"id":65414,"date":"2024-02-18T12:00:00","date_gmt":"2024-02-18T18:00:00","guid":{"rendered":"http:\/\/www.zonaroja.com.mx\/?p=65414"},"modified":"2024-02-18T07:17:24","modified_gmt":"2024-02-18T13:17:24","slug":"invita-congreso-a-a-postularse-para-el-reconocimiento-maria-cristina-salmoran","status":"publish","type":"post","link":"https:\/\/zonaroja.com.mx\/?p=65414","title":{"rendered":"Invita Congreso a a postularse para el reconocimiento \u201cMar\u00eda Cristina Salmor\u00e1n\u201d"},"content":{"rendered":"\n<p>Redacci\u00f3n\/Zona Roja.&nbsp;<\/p>\n\n\n\n<p>Oaxaca de Ju\u00e1rez, Oax., a 18 de febrero de 2024.- Con motivo del D\u00eda Internacional de la Mujer, el Congreso de Oaxaca convoca a mujeres u organizaciones de la sociedad civil a participar por el reconocimiento \u201cMar\u00eda Cristina Salmor\u00e1n\u201d.<\/p>\n\n\n\n<p>De acuerdo con la convocatoria emitida por la Comisi\u00f3n Permanente de Mujeres e Igualdad de G\u00e9nero de la 65 Legislatura local, podr\u00e1n participar quienes hayan destacado tanto en el \u00e1mbito municipal como en el estatal, por sus actividades en defensa de los derechos de las mujeres, la igualdad sustantiva entre hombres y mujeres, y la erradicaci\u00f3n de toda forma de violencia contra ellas.<\/p>\n\n\n\n<p>Las postulaciones podr\u00e1n ser propuestas por la ciudadan\u00eda en general o por organismos p\u00fablicos, colectivos de mujeres o por otras organizaciones de la sociedad civil dedicadas a la promoci\u00f3n, defensa, ejercicio, protecci\u00f3n e investigaci\u00f3n de los derechos de las mujeres y la igualdad de g\u00e9nero.<\/p>\n\n\n\n<p>Las inscripciones est\u00e1n abiertas y cerrar\u00e1n a las 13:00 horas del 26 de febrero, por lo que las solicitudes deber\u00e1n enviarse v\u00eda correo electr\u00f3nico a mariacsalmoran2024@gmail.com, as\u00ed como los documentos que contengan la descripci\u00f3n detallada de sus trabajos y aportes en el reconocimiento, promoci\u00f3n, defensa, ejercicio, protecci\u00f3n e investigaci\u00f3n de los derechos humanos de las mujeres en todos los \u00e1mbitos o cuya finalidad sea la erradicaci\u00f3n de toda forma de violencia contra ellas.<\/p>\n\n\n\n<p>Asimismo, se debe enviar los motivos por los cuales la aspirante debe ser elegida para el reconocimiento p\u00fablico \u201cMar\u00eda Cristina Salmor\u00e1n\u201d, as\u00ed como reconocimientos, publicaciones, notas period\u00edsticas o cualquier documento probatorio que acredite el trabajo realizado en favor de los derechos de las mujeres.<\/p>\n\n\n\n<p>Luego de la recepci\u00f3n de inscripciones, ser\u00e1n las y los diputados integrantes de la Comisi\u00f3n Permanente de Mujeres e Igualdad de G\u00e9nero, quienes califiquen las postulaciones para generar una lista de hasta 10 candidatas a la medalla, para entregarla a la Junta de Coordinaci\u00f3n Pol\u00edtica, encargada de seleccionar a las finalistas.<\/p>\n\n\n\n<p>Posteriormente, el dictamen de aprobaci\u00f3n de las tres finalistas ser\u00e1 inscrito y agendado para la sesi\u00f3n respectiva, a fin de que el Pleno de la LXV Legislatura local delibere y mediante votaci\u00f3n de las dos terceras partes de las diputadas y diputados presentes, elija a la mujer u organizaci\u00f3n que recibir\u00e1 el reconocimiento.<\/p>\n\n\n\n<p>Esta sesi\u00f3n ser\u00e1 solemne y est\u00e1 programada para el 13 de marzo, donde se entregar\u00e1 el reconocimiento p\u00fablico \u201cMar\u00eda Cristina Salmor\u00e1n\u201d, con motivo del D\u00eda Internacional de la Mujer.<\/p>\n","protected":false},"excerpt":{"rendered":"<p>Redacci\u00f3n\/Zona Roja.&nbsp; Oaxaca de Ju\u00e1rez, Oax., a 18 de febrero de 2024.- Con motivo del&hellip;<\/p>\n","protected":false},"author":2,"featured_media":65416,"comment_status":"closed","ping_status":"open","sticky":false,"template":"","format":"standard","meta":{"_lmt_disableupdate":"","_lmt_disable":"","_jetpack_memberships_contains_paid_content":false,"footnotes":""},"categories":[109,46],"tags":[2743],"class_list":["post-65414","post","type-post","status-publish","format-standard","has-post-thumbnail","hentry","category-minuto-a-minuto","category-zona-blanca","tag-65-legislatura-del-estado-de-oaxaca"],"jetpack_featured_media_url":"https:\/\/zonaroja.com.mx\/wp-content\/uploads\/2024\/02\/Convocatoria-Congreso-Maria-Cristina-Salomoran.jpg","jetpack_sharing_enabled":true,"_links":{"self":[{"href":"https:\/\/zonaroja.com.mx\/index.php?rest_route=\/wp\/v2\/posts\/65414","targetHints":{"allow":["GET"]}}],"collection":[{"href":"https:\/\/zonaroja.com.mx\/index.php?rest_route=\/wp\/v2\/posts"}],"about":[{"href":"https:\/\/zonaroja.com.mx\/index.php?rest_route=\/wp\/v2\/types\/post"}],"author":[{"embeddable":true,"href":"https:\/\/zonaroja.com.mx\/index.php?rest_route=\/wp\/v2\/users\/2"}],"replies":[{"embeddable":true,"href":"https:\/\/zonaroja.com.mx\/index.php?rest_route=%2Fwp%2Fv2%2Fcomments&post=65414"}],"version-history":[{"count":1,"href":"https:\/\/zonaroja.com.mx\/index.php?rest_route=\/wp\/v2\/posts\/65414\/revisions"}],"predecessor-version":[{"id":65417,"href":"https:\/\/zonaroja.com.mx\/index.php?rest_route=\/wp\/v2\/posts\/65414\/revisions\/65417"}],"wp:featuredmedia":[{"embeddable":true,"href":"https:\/\/zonaroja.com.mx\/index.php?rest_route=\/wp\/v2\/media\/65416"}],"wp:attachment":[{"href":"https:\/\/zonaroja.com.mx\/index.php?rest_route=%2Fwp%2Fv2%2Fmedia&parent=65414"}],"wp:term":[{"taxonomy":"category","embeddable":true,"href":"https:\/\/zonaroja.com.mx\/index.php?rest_route=%2Fwp%2Fv2%2Fcategories&post=65414"},{"taxonomy":"post_tag","embeddable":true,"href":"https:\/\/zonaroja.com.mx\/index.php?rest_route=%2Fwp%2Fv2%2Ftags&post=65414"}],"curies":[{"name":"wp","href":"https:\/\/api.w.org\/{rel}","templated":true}]}}