{"id":65423,"date":"2024-02-18T18:28:52","date_gmt":"2024-02-19T00:28:52","guid":{"rendered":"http:\/\/www.zonaroja.com.mx\/?p=65423"},"modified":"2024-02-18T18:28:54","modified_gmt":"2024-02-19T00:28:54","slug":"otro-multihomicidio-en-jalisco-asesinan-hoy-a-seis-en-tlaquepaque","status":"publish","type":"post","link":"https:\/\/zonaroja.com.mx\/?p=65423","title":{"rendered":"Otro multihomicidio en Jalisco: asesinan hoy a seis en Tlaquepaque"},"content":{"rendered":"\n<p>Redacci\u00f3n\/Zona Roja Cdmx.<\/p>\n\n\n\n<p>Ciudad de M\u00e9xico, a 18 de febrero de 2024.- Seis personas que esperaban el transporte p\u00fablico en San Pedro Tlaquepaque, Jalisco, fueron asesinadas, cuatro de los victimados eran adolescentes, y otros dos menores de edad se encuentran lesionados, uno de ellos con heridas que ponen en riesgo su vida.<\/p>\n\n\n\n<p>Este es el tercer multihomicidio registrado en la demarcaci\u00f3n en la \u00faltima semana, por lo que el gobierno federal remiti\u00f3 a 800 efectivos militares para reforzar la seguridad.<\/p>\n\n\n\n<p>Los hechos ocurrieron este domingo en la colonia Francisco I. Madero, en el cruce de Santiago de Linier y Nicol\u00e1s Avellaneda, en la terminal de la ruta 52 del transporte p\u00fablico, donde un grupo de sujetos armados, a bordo de un veh\u00edculo de color blanco, les dispar\u00f3.<\/p>\n\n\n\n<p>Personal de la Polic\u00eda Municipal lleg\u00f3 al sitio, al igual que elementos del Ej\u00e9rcito Mexicano y de la Fiscal\u00eda estatal para iniciar con las investigaciones.<\/p>\n\n\n\n<p>Entrevistado en el lugar, el fiscal de Jalisco, Luis Joaqu\u00edn M\u00e9ndez Ruiz, expuso que: \u201cson seis personas: dos mujeres y cuatro hombres, y hay dos personas siendo atendidas en hospitales: una mujer tambi\u00e9n y un hombre; las edades de los que est\u00e1n en el lugar es una femenina de 14 a\u00f1os, otra femenina de 15, un masculino de 14, otro masculino de 15, y dos adultos de 20 a 23 a\u00f1os. Las personas que est\u00e1n lesionadas tambi\u00e9n son adolescentes de 14 y 15 a\u00f1os, son edades preliminares que nos dan algunos familiares, o conocidos, que se aproximaron aqu\u00ed al lugar del procesamiento\u201d.<\/p>\n\n\n\n<p>En la escena del crimen se aseguraron m\u00e1s de 10 casquillos de calibres .380 y de .40; el funcionario refiri\u00f3 que los afectados se encontraban en una reuni\u00f3n en una finca cercana, momentos previos a la agresi\u00f3n.<\/p>\n\n\n\n<p>En tan s\u00f3lo una semana se han registrado tres multihomicidios en el municipio, contando a este, con saldo total de 12 muertos.<\/p>\n\n\n\n<p>El pasado 4 de febrero, en dos hechos diferentes, seis hombres fueron asesinados; el primer caso se verific\u00f3 en una finca en obra negra incendiada, en las calles Potrero y Poza Rica, en donde estaban tres hombres sin vida y con impactos de bala; el segundo hecho se registr\u00f3 en el cruce de las calles Organizaci\u00f3n y Sociedad, en la colonia Vistas del Cuatro, donde se aseguraron los cuerpos de tres hombres cubiertos con una cobija, atados de manos con cinta pl\u00e1stica y con huellas de tortura.<\/p>\n\n\n\n<p>Los lesionados de este \u00faltimo hecho cuentan con edades de 14 a\u00f1os, la joven, y 15 a\u00f1os el var\u00f3n.<\/p>\n\n\n\n<p>La Mesa de Seguridad estatal ha informado que las pugnas entre grupos del crimen organizado han sido la causa de muchos de los homicidios sucedidos en la zona sur de la ciudad, tanto en Tlaquepaque como Tlajomulco&nbsp;de&nbsp;Z\u00fa\u00f1iga.<\/p>\n\n\n\n<p>(Informaci\u00f3n de \u201cEl Financiero\u201d)<\/p>\n","protected":false},"excerpt":{"rendered":"<p>Redacci\u00f3n\/Zona Roja Cdmx. Ciudad de M\u00e9xico, a 18 de febrero de 2024.- Seis personas que&hellip;<\/p>\n","protected":false},"author":2,"featured_media":44226,"comment_status":"closed","ping_status":"open","sticky":false,"template":"","format":"standard","meta":{"_lmt_disableupdate":"","_lmt_disable":"","_jetpack_memberships_contains_paid_content":false,"footnotes":""},"categories":[109,51],"tags":[3564],"class_list":["post-65423","post","type-post","status-publish","format-standard","has-post-thumbnail","hentry","category-minuto-a-minuto","category-zona-roja","tag-jalisco"],"jetpack_featured_media_url":"https:\/\/zonaroja.com.mx\/wp-content\/uploads\/2022\/08\/Policias-sirenas-inseguridad-violencia-escena-crimen.png","jetpack_sharing_enabled":true,"_links":{"self":[{"href":"https:\/\/zonaroja.com.mx\/index.php?rest_route=\/wp\/v2\/posts\/65423","targetHints":{"allow":["GET"]}}],"collection":[{"href":"https:\/\/zonaroja.com.mx\/index.php?rest_route=\/wp\/v2\/posts"}],"about":[{"href":"https:\/\/zonaroja.com.mx\/index.php?rest_route=\/wp\/v2\/types\/post"}],"author":[{"embeddable":true,"href":"https:\/\/zonaroja.com.mx\/index.php?rest_route=\/wp\/v2\/users\/2"}],"replies":[{"embeddable":true,"href":"https:\/\/zonaroja.com.mx\/index.php?rest_route=%2Fwp%2Fv2%2Fcomments&post=65423"}],"version-history":[{"count":1,"href":"https:\/\/zonaroja.com.mx\/index.php?rest_route=\/wp\/v2\/posts\/65423\/revisions"}],"predecessor-version":[{"id":65424,"href":"https:\/\/zonaroja.com.mx\/index.php?rest_route=\/wp\/v2\/posts\/65423\/revisions\/65424"}],"wp:featuredmedia":[{"embeddable":true,"href":"https:\/\/zonaroja.com.mx\/index.php?rest_route=\/wp\/v2\/media\/44226"}],"wp:attachment":[{"href":"https:\/\/zonaroja.com.mx\/index.php?rest_route=%2Fwp%2Fv2%2Fmedia&parent=65423"}],"wp:term":[{"taxonomy":"category","embeddable":true,"href":"https:\/\/zonaroja.com.mx\/index.php?rest_route=%2Fwp%2Fv2%2Fcategories&post=65423"},{"taxonomy":"post_tag","embeddable":true,"href":"https:\/\/zonaroja.com.mx\/index.php?rest_route=%2Fwp%2Fv2%2Ftags&post=65423"}],"curies":[{"name":"wp","href":"https:\/\/api.w.org\/{rel}","templated":true}]}}