{"id":65427,"date":"2024-02-18T20:00:46","date_gmt":"2024-02-19T02:00:46","guid":{"rendered":"http:\/\/www.zonaroja.com.mx\/?p=65427"},"modified":"2024-02-18T20:00:48","modified_gmt":"2024-02-19T02:00:48","slug":"ejecutan-a-individuo-en-el-istmo-hallan-a-asesinado-en-la-costa","status":"publish","type":"post","link":"https:\/\/zonaroja.com.mx\/?p=65427","title":{"rendered":"Ejecutan a individuo en el Istmo; hallan a asesinado en la Costa"},"content":{"rendered":"\n<p>Raymundo Morales\/Zona Roja.<\/p>\n\n\n\n<p>Oaxaca de Ju\u00e1rez, Oax., a 18 de febrero de 2024.- Un individuo fue ejecutado a la media noche de ayer, en Santo Domingo Tehuantepec, Oaxaca.<\/p>\n\n\n\n<p>La persona presenta varios impactos de arma de fuego en el cuerpo y transitaba a bordo de una motocicleta cuando fue acribillado, en una calle de la colonia Soledad.<\/p>\n\n\n\n<p>De acuerdo con los primeros informes policiacos, los agresores habr\u00edan sido dos sujetos tambi\u00e9n a bordo de una motocicleta y tras el ataque, huyeron de la zona; hasta el momento no hay personas detenidas.<\/p>\n\n\n\n<p>Personal de la Vicefiscal\u00eda Regional del Istmo inici\u00f3 con las indagatorias correspondientes; hasta el momento no se cuenta con la identidad de la v\u00edctima.<\/p>\n\n\n\n<p>EN CANDELARIA<\/p>\n\n\n\n<p>Por otra parte, el cuerpo sin vida de una persona del sexo masculino, con impactos de arma de fuego y huellas de tortura, fue localizado ayer por la tarde en jurisdicci\u00f3n de Candelaria Loxicha, municipio de la regi\u00f3n Costa.<\/p>\n\n\n\n<p>Fue a un costado de la carretera federal 175 en que se localiz\u00f3 a la v\u00edctima, cuyo cuerpo ya presentaba estado de descomposici\u00f3n.<\/p>\n\n\n\n<p>De manera preliminar se inform\u00f3 que se tratar\u00eda de Mart\u00edn O. R., de 37 a\u00f1os de edad, quien desapareci\u00f3 de su domicilio desde el pasado 12 de febrero, lo cual no ha sido confirmado de manera oficial.<\/p>\n\n\n\n<p>Tambi\u00e9n en este caso arrib\u00f3 personal de la Vicefiscal\u00eda Regional de la Costa, para iniciar las indagatorias correspondientes.<\/p>\n","protected":false},"excerpt":{"rendered":"<p>Raymundo Morales\/Zona Roja. Oaxaca de Ju\u00e1rez, Oax., a 18 de febrero de 2024.- Un individuo&hellip;<\/p>\n","protected":false},"author":2,"featured_media":65428,"comment_status":"closed","ping_status":"open","sticky":false,"template":"","format":"standard","meta":{"_lmt_disableupdate":"","_lmt_disable":"","_jetpack_memberships_contains_paid_content":false,"footnotes":""},"categories":[109,51],"tags":[125],"class_list":["post-65427","post","type-post","status-publish","format-standard","has-post-thumbnail","hentry","category-minuto-a-minuto","category-zona-roja","tag-santo-domingo-tehuantepec"],"jetpack_featured_media_url":"https:\/\/zonaroja.com.mx\/wp-content\/uploads\/2024\/02\/Ejecutado-en-Tehuantepec.jpeg","jetpack_sharing_enabled":true,"_links":{"self":[{"href":"https:\/\/zonaroja.com.mx\/index.php?rest_route=\/wp\/v2\/posts\/65427","targetHints":{"allow":["GET"]}}],"collection":[{"href":"https:\/\/zonaroja.com.mx\/index.php?rest_route=\/wp\/v2\/posts"}],"about":[{"href":"https:\/\/zonaroja.com.mx\/index.php?rest_route=\/wp\/v2\/types\/post"}],"author":[{"embeddable":true,"href":"https:\/\/zonaroja.com.mx\/index.php?rest_route=\/wp\/v2\/users\/2"}],"replies":[{"embeddable":true,"href":"https:\/\/zonaroja.com.mx\/index.php?rest_route=%2Fwp%2Fv2%2Fcomments&post=65427"}],"version-history":[{"count":1,"href":"https:\/\/zonaroja.com.mx\/index.php?rest_route=\/wp\/v2\/posts\/65427\/revisions"}],"predecessor-version":[{"id":65429,"href":"https:\/\/zonaroja.com.mx\/index.php?rest_route=\/wp\/v2\/posts\/65427\/revisions\/65429"}],"wp:featuredmedia":[{"embeddable":true,"href":"https:\/\/zonaroja.com.mx\/index.php?rest_route=\/wp\/v2\/media\/65428"}],"wp:attachment":[{"href":"https:\/\/zonaroja.com.mx\/index.php?rest_route=%2Fwp%2Fv2%2Fmedia&parent=65427"}],"wp:term":[{"taxonomy":"category","embeddable":true,"href":"https:\/\/zonaroja.com.mx\/index.php?rest_route=%2Fwp%2Fv2%2Fcategories&post=65427"},{"taxonomy":"post_tag","embeddable":true,"href":"https:\/\/zonaroja.com.mx\/index.php?rest_route=%2Fwp%2Fv2%2Ftags&post=65427"}],"curies":[{"name":"wp","href":"https:\/\/api.w.org\/{rel}","templated":true}]}}