{"id":65430,"date":"2024-02-19T07:38:00","date_gmt":"2024-02-19T13:38:00","guid":{"rendered":"http:\/\/www.zonaroja.com.mx\/?p=65430"},"modified":"2024-02-19T06:49:42","modified_gmt":"2024-02-19T12:49:42","slug":"opinion-cuando-a-la-sociedad-civil-se-le-disfraza-para-uso-electoral","status":"publish","type":"post","link":"https:\/\/zonaroja.com.mx\/?p=65430","title":{"rendered":"Opini\u00f3n. Cuando a la sociedad civil se le disfraza para uso electoral\u00a0"},"content":{"rendered":"\n<p>Ismael Garc\u00eda M.\/Zona Roja.<\/p>\n\n\n\n<p>Oaxaca de Ju\u00e1rez, Oax., a 19 de febrero de 2024.- Qu\u00e9 bueno que la sociedad civil salga a las calles. Qu\u00e9 malo que lo haga disfrazado por partidos pol\u00edticos y con intereses electorales.<\/p>\n\n\n\n<p>Qu\u00e9 bueno que haya denuncias en contra de las autoridades y exigencias hacia quienes nos gobiernan. Qu\u00e9 malo cuando se hace desde un color partidista, porque pierde toda esencia social.<\/p>\n\n\n\n<p>No, no estamos en contra de las manifestaciones, nacional y estatal de ayer domingo. Insistimos, qu\u00e9 importante que salga la gente a las calles, de manera pac\u00edfica, para plantear una exigencia.<\/p>\n\n\n\n<p>Tampoco estamos a favor o en defensa de Andr\u00e9s Manuel L\u00f3pez Obrador, pero curiosamente la voz que se escuch\u00f3 este domingo fue contra el morenismo y contra el fundador de este movimiento\u2026 en medio de una intensa contienda electoral a la puerta.<\/p>\n\n\n\n<p>Pol\u00edticos de la oposici\u00f3n a Morena, empresarios, dirigentes partidistas tricolores, amarillos y azules participaron en la jornada de ayer, para tratar de convencer a los mexicanos que la llamada \u201cCuarta Transformaci\u00f3n\u201d es una falacia.<\/p>\n\n\n\n<p>\u201cPOR LA DEMOCRACIA\u201d<\/p>\n\n\n\n<p>En al menos 100 ciudades del pa\u00eds se llev\u00f3 a cabo la autodenominado \u201cMarcha por nuestra democracia\u201d, en la que la voz central, m\u00e1s que demandar democracia, fue reprochar el gobierno de L\u00f3pez Obrador.<\/p>\n\n\n\n<p>En la Ciudad de M\u00e9xico se congregaron miles de personas; de acuerdo con la autoridad de la capital del pa\u00eds, el z\u00f3calo se llen\u00f3 con al menos 90 mil personas.<\/p>\n\n\n\n<p>Pero de acuerdo con los organizadores de esta movilizaci\u00f3n, se reunieron entre 500 mil y 800 mil personas.<\/p>\n\n\n\n<p>Extremos de los n\u00fameros pero lo que s\u00ed es real es que hubo una importante presencia de gente y que se vio un z\u00f3calo y calles aleda\u00f1as atestadas.<\/p>\n\n\n\n<p>Pero tambi\u00e9n es real es que la movilizaci\u00f3n fue convocada, bajo el cobijo de supuestas \u201corganizaciones civiles\u201d o la \u201csociedad civil\u201d, por partidos pol\u00edticos como el PAN, el PRD y el PRI.<\/p>\n\n\n\n<p>Claro ejemplo, la presencia de Marko Cort\u00e9s, presidente nacional de Acci\u00f3n Nacional, y de Jes\u00fas Zambrano, l\u00edder del Partido de la Revoluci\u00f3n Democr\u00e1tica en el pa\u00eds, as\u00ed como Enrique de la Madrid Cordero, del PRI.<\/p>\n\n\n\n<p>Adem\u00e1s, Claudio X. Gonz\u00e1lez y algunos comunicadores ac\u00e9rrimos cr\u00edticos del gobierno federal actual. El discurso principal, a cargo de Lorenzo C\u00f3rdova, ex presidente del Instituto Nacional Electoral, que vers\u00f3 en lo mismo:<\/p>\n\n\n\n<p>Exigencia de democracia, freno a la desaparici\u00f3n de instituciones p\u00fablicas, cr\u00edticas y m\u00e1s cr\u00edticas a L\u00f3pez Obrador.<\/p>\n\n\n\n<p>X\u00f3chitl G\u00e1lvez, candidata presidencial del frente opositor, no acudi\u00f3, pero no dej\u00f3 pasar la oportunidad:<\/p>\n\n\n\n<p>\u201cMientras M\u00e9xico tenga ciudadanas y ciudadanos que salgan a manifestarse para defender su democracia, no habr\u00e1 tentaci\u00f3n autoritaria que pueda mandar al diablo nuestras instituciones\u201d, en un videomensaje grabado.<\/p>\n\n\n\n<p>Del lado contrario, Morena y sus aliados criticaron acremente la movilizaci\u00f3n y consideraron que se trat\u00f3 de un acarreo de personas.<\/p>\n\n\n\n<p>A su vez, el Presidente Andr\u00e9s Manuel, desde Puebla, emiti\u00f3 sus tradicionales descalificaciones:<\/p>\n\n\n\n<p>\u201cTodos los que fueron hoy, intelectuales o pseudo intelectuales, alcahuetes, se quedaron callados con los fraudes de 2006 y 2012\u2026\u201cS\u00ed, es la democracia de ellos, la de los oligarcas, de los ricos, de los corruptos y nosotros lo que queremos es la democracia del pueblo. No queremos poder sin pueblo\u201d.&nbsp;<\/p>\n\n\n\n<p>En el caso de Oaxaca, sucedi\u00f3 como ha ocurrido en ocasiones anteriores; participaron pocos, la mayor\u00eda gente de clase social media y muchos pol\u00edticos oaxaque\u00f1os, del PAN, PRI y pocos del PRD.<\/p>\n\n\n\n<p>Salida del parque \u201cEl Lllano\u201d, marcha pac\u00edfica, de no m\u00e1s de mil personas, hacia el z\u00f3calo, mitin y listo. Al t\u00e9rmino, la mayor\u00eda busc\u00f3 y abord\u00f3 su veh\u00edculo y otros m\u00e1s abarrotaron los restaurantes del Centro Hist\u00f3rico.<\/p>\n\n\n\n<p>LAS OTRAS MOVILIZACIONES<\/p>\n\n\n\n<p>\u00bfCu\u00e1ntas veces ha marchado Andr\u00e9s Manuel L\u00f3pez Obrador y criticaba a gobierno en turno? Incontables ocasiones. Pero todas han sido con fines electorales, y tambi\u00e9n para defender lo que ha considerado su triunfo en las urnas.<\/p>\n\n\n\n<p>\u00bfQu\u00e9 no hasta desafi\u00f3 a las instituciones y form\u00f3 un \u201cgobierno ciudadano\u201d tras perder una elecci\u00f3n presidencial?<\/p>\n\n\n\n<p>Su \u00e9poca de movilizaciones est\u00e1 marcada por el \u201c\u00c9xodo por la democracia\u201d, que inici\u00f3 el 25 de noviembre de 1991 en Tabasco y termin\u00f3 el 11 de enero de 1992 en la Ciudad de M\u00e9xico.<\/p>\n\n\n\n<p>Su exigencia: reclamo de triunfos en municipios tabasque\u00f1os; su mayor logro de ese entonces, ser designado presidente nacional del PRD; por cierto, su carrera pol\u00edtica la inici\u00f3 en el PRI y como trabajador de gobierno.<\/p>\n\n\n\n<p>Jefe de Gobierno en la Ciudad de M\u00e9xico y candidato presidencial dos veces, no dej\u00f3 de llamar a la movilizaci\u00f3n, a criticar a los gobiernos panistas y priistas y a defenestrar a las instituciones p\u00fablicas, que, tambi\u00e9n hay que decir, en muchas ocasiones se pretendieron utilizar en su contra, como el intento de desafuero, ya con Vicente Fox como presidente.<\/p>\n\n\n\n<p>Por cierto, en ese episodio, siendo Jefe de Gobierno convoc\u00f3 a una resistencia civil y concentraci\u00f3n masiva en el z\u00f3calo, para defender su cargo y contra los se\u00f1alamientos judiciales.<\/p>\n\n\n\n<p>Despu\u00e9s de perder en 2006 las elecciones presidenciales ante Felipe Calder\u00f3n, Obrador instal\u00f3 por tres meses un campamento en el Paseo de la Reforma capitalino, y tras ello fue declarado por sus seguidores \u201cpresidente leg\u00edtimo\u201d, con un gabinete propio, sin ejercer funciones, por supuesto.<\/p>\n\n\n\n<p>En el 2012 perdi\u00f3 ante Enrique Pe\u00f1a Nieto y de nueva cuenta acus\u00f3 fraude y antidemocracia, adem\u00e1s de encabezar actos de rebeld\u00eda \u201cciudadana\u201d; tras ello se dedic\u00f3 a correr el pa\u00eds para postularse en 2018 nuevamente como candidato presidencial, tras fundar Morena.<\/p>\n\n\n\n<p>Es larga la historia de manifestaciones que ha encabezado el hoy Presidente de la Rep\u00fablica, pr\u00e1cticas abrevadas del Partido de la Revoluci\u00f3n Democr\u00e1tica, hoy transformado en Morena, partido que ahora se est\u00e1 llenando de priistas, en pago de favores pol\u00edtico-electorales.<\/p>\n\n\n\n<p>\u00bfY LA SOCIEDAD?<\/p>\n\n\n\n<p>No se trata de defender a uno y criticar a otros. Se trata de contribuir para esclarecer la realidad.<\/p>\n\n\n\n<p>Y la realidad es que todos, panistas, priistas, perredistas, morenistas y dem\u00e1s, se han aprovechado de la llamada \u201csociedad civil\u201d para sacar raja electoral.<\/p>\n\n\n\n<p>Todos, todos, han utilizado a los ciudadanos para sus fines proselitistas y pronto veremos una movilizaci\u00f3n masiva de Morena para contrarrestar la marcha de este domingo.<\/p>\n\n\n\n<p>Y as\u00ed seguir\u00e1n los d\u00edas y las semanas y los a\u00f1os: los partidos pol\u00edticos aprovech\u00e1ndose de la aut\u00e9ntica sociedad mexicana; los pol\u00edticos y funcionarios, buscando acomodarse en el siguiente puesto, as\u00ed sea traicionando sus \u201cprincipios\u201d.<\/p>\n\n\n\n<p>Y la aut\u00e9ntica sociedad seguir\u00e1 fregada. Porque, por ejemplo, \u00bfcu\u00e1ndo hacen una movilizaci\u00f3n masiva, en todas las ciudades del pa\u00eds, para exigir seguridad y un freno al crimen organizado que d\u00eda con d\u00eda se extiende?<\/p>\n\n\n\n<p>\u00bfCu\u00e1ndo habr\u00e1 una megaprotesta para demandar aut\u00e9ntico bienestar social para m\u00e1s de 30 millones de mexicanos en pobreza y pobreza extrema?<\/p>\n\n\n\n<p>\u00bfY cu\u00e1ndo emprenderemos una jornada nacional multitudinaria para promover la paz, la unidad familiar, los valores, la familia? \u00bfAlguien se acord\u00f3 que la naci\u00f3n padece de una grave crisis por la sequ\u00eda? <\/p>\n\n\n\n<p>Al final s\u00f3lo profundiz\u00f3 la divisi\u00f3n de los mexicanos entre dos proyectos de naci\u00f3n; al final de la movilizaci\u00f3n de ayer s\u00f3lo quedaron m\u00e1s odios; s\u00f3lo quedaron remarcadas las ambiciones pol\u00edticas y electorales.<\/p>\n\n\n\n<p>Y al final la aut\u00e9ntica sociedad, la que trabaja todos los d\u00edas, la que sufre para ganar el pan, la que padece las graves afectaciones por falta de servicios b\u00e1sicos, seguir\u00e1 padeciendo otro de los grandes males del pa\u00eds: los pol\u00edticos.<\/p>\n","protected":false},"excerpt":{"rendered":"<p>Ismael Garc\u00eda M.\/Zona Roja. Oaxaca de Ju\u00e1rez, Oax., a 19 de febrero de 2024.- Qu\u00e9&hellip;<\/p>\n","protected":false},"author":2,"featured_media":41735,"comment_status":"closed","ping_status":"open","sticky":false,"template":"","format":"standard","meta":{"_lmt_disableupdate":"","_lmt_disable":"","_jetpack_memberships_contains_paid_content":false,"footnotes":""},"categories":[456,109,48],"tags":[1353],"class_list":["post-65430","post","type-post","status-publish","format-standard","has-post-thumbnail","hentry","category-columna","category-minuto-a-minuto","category-zona-critica","tag-opinion-zona-critica"],"jetpack_featured_media_url":"https:\/\/zonaroja.com.mx\/wp-content\/uploads\/2022\/05\/Opinion-Ismael-Garcia-M.jpg","jetpack_sharing_enabled":true,"_links":{"self":[{"href":"https:\/\/zonaroja.com.mx\/index.php?rest_route=\/wp\/v2\/posts\/65430","targetHints":{"allow":["GET"]}}],"collection":[{"href":"https:\/\/zonaroja.com.mx\/index.php?rest_route=\/wp\/v2\/posts"}],"about":[{"href":"https:\/\/zonaroja.com.mx\/index.php?rest_route=\/wp\/v2\/types\/post"}],"author":[{"embeddable":true,"href":"https:\/\/zonaroja.com.mx\/index.php?rest_route=\/wp\/v2\/users\/2"}],"replies":[{"embeddable":true,"href":"https:\/\/zonaroja.com.mx\/index.php?rest_route=%2Fwp%2Fv2%2Fcomments&post=65430"}],"version-history":[{"count":1,"href":"https:\/\/zonaroja.com.mx\/index.php?rest_route=\/wp\/v2\/posts\/65430\/revisions"}],"predecessor-version":[{"id":65431,"href":"https:\/\/zonaroja.com.mx\/index.php?rest_route=\/wp\/v2\/posts\/65430\/revisions\/65431"}],"wp:featuredmedia":[{"embeddable":true,"href":"https:\/\/zonaroja.com.mx\/index.php?rest_route=\/wp\/v2\/media\/41735"}],"wp:attachment":[{"href":"https:\/\/zonaroja.com.mx\/index.php?rest_route=%2Fwp%2Fv2%2Fmedia&parent=65430"}],"wp:term":[{"taxonomy":"category","embeddable":true,"href":"https:\/\/zonaroja.com.mx\/index.php?rest_route=%2Fwp%2Fv2%2Fcategories&post=65430"},{"taxonomy":"post_tag","embeddable":true,"href":"https:\/\/zonaroja.com.mx\/index.php?rest_route=%2Fwp%2Fv2%2Ftags&post=65430"}],"curies":[{"name":"wp","href":"https:\/\/api.w.org\/{rel}","templated":true}]}}