{"id":65432,"date":"2024-02-19T07:07:24","date_gmt":"2024-02-19T13:07:24","guid":{"rendered":"http:\/\/www.zonaroja.com.mx\/?p=65432"},"modified":"2024-02-19T07:37:12","modified_gmt":"2024-02-19T13:37:12","slug":"un-ano-despues-la-seccion-22-del-snte-retoma-las-protestas","status":"publish","type":"post","link":"https:\/\/zonaroja.com.mx\/?p=65432","title":{"rendered":"Un a\u00f1o despu\u00e9s, la Secci\u00f3n 22 del SNTE retoma las protestas"},"content":{"rendered":"\n<p>Ismael Garc\u00eda M.\/Zona Roja. Foto: Archivo.<\/p>\n\n\n\n<p>Oaxaca de Ju\u00e1rez, Oax., a 19 de febrero de 2024.- Un a\u00f1o despu\u00e9s de mantenerse inmovilizada, a falta de demandas concretas, la Secci\u00f3n 22 del Sindicato Nacional de Trabajadores de la Educaci\u00f3n (SNTE) volver\u00e1 a tomar las calles.<\/p>\n\n\n\n<p>El pasado s\u00e1bado por la tarde inici\u00f3 su Asamblea Estatal, que concluy\u00f3 ayer despu\u00e9s de las 10 de la ma\u00f1ana y en la cual se acord\u00f3, entre otros, diversas movilizaciones a partir de ma\u00f1ana martes, en la mayor\u00eda de las regiones del estado,<\/p>\n\n\n\n<p>A convocatoria de la regi\u00f3n Valles Centrales, a partir de las 09:00 horas habr\u00e1 cierre de vialidades y concentraci\u00f3n masiva en el cruce del bulevar Manuel Ruiz con calzada H\u00e9rores de Chapultepec y Heroico Colegio Militar de la ciudad de Oaxaca.<\/p>\n\n\n\n<p>Tambi\u00e9n sobre la calzada H\u00e9roes de Chapultepec, frente a la terminal de autobuses ADO; en la antigua Casa Oficial ubicada en la avenida Ju\u00e1rez y en el cruce de H\u00e9roes de Chapultepec con avenida Ju\u00e1rez y calzada Porfirio D\u00edaz, tambi\u00e9n de la capital.<\/p>\n\n\n\n<p>Mientras que otro contingente \u201ctomar\u00e1\u201d la caseta de peaje Huitzo, sobre la supercarretera Oaxaca-Cuacnopalan; el complejo gubernamental Ciudad Judicial, en el municipio de San Bartolo Coyotepec y el crucero de la carretera Internacional y calle principal de acceso al municipio de Tlacolula de Matamoros.<\/p>\n\n\n\n<p>Ello con la finalidad de dar cobertura a la mesa de negociaci\u00f3n a nivel nacional, que se efectuar\u00e1 en la Ciudad de M\u00e9xico, con autoridades del gobierno federal y de Oaxaca.<\/p>\n\n\n\n<p>La convocatoria la firma Mar\u00eda C. Z\u00e1rate Mart\u00ednez, representante regional Valles Centrales del magisterio.<\/p>\n\n\n\n<p>Tambi\u00e9n habr\u00e1 protestas y bloqueo de vialidades en la regi\u00f3n del Istmo de Tehuantepec, tanto en Juchit\u00e1n, como Tehuantepec, Ciudad Ixtepec, Mat\u00edas Romero y Reforma de Pineda.<\/p>\n\n\n\n<p>De la misma manera en las regiones Mixteca, Costa y Cuenca del Papaloapan; en todos los casos no se ha definido el lapso en que permanecer\u00e1n las movilizaciones.<\/p>\n\n\n\n<p>Entre otras demandas, insisten en la desaparici\u00f3n de la Unidad del Sistema para la Carrera de los Maestros; la derogaci\u00f3n de reformas que promovi\u00f3 Enrique Pe\u00f1a Nieto y la desaparici\u00f3n del ISSSTE.<\/p>\n\n\n\n<p>A nivel estatal, acusan que funcionarios de rango menor de la Secretar\u00eda de Gobierno se inmiscuyen en la vida sindical e incluso han azuzado enfrentamientos y ataques contra la dirigencia.<\/p>\n\n\n\n<p>La Secci\u00f3n 22 acord\u00f3 tambi\u00e9n otras movilizaciones, el pr\u00f3ximo lunes 26 de marzo, el 8 de marzo y el 21 de marzo, entre otras fechas.<\/p>\n","protected":false},"excerpt":{"rendered":"<p>Ismael Garc\u00eda M.\/Zona Roja. Foto: Archivo. Oaxaca de Ju\u00e1rez, Oax., a 19 de febrero de&hellip;<\/p>\n","protected":false},"author":2,"featured_media":55295,"comment_status":"closed","ping_status":"open","sticky":false,"template":"","format":"standard","meta":{"_lmt_disableupdate":"","_lmt_disable":"","_jetpack_memberships_contains_paid_content":false,"footnotes":""},"categories":[109,47],"tags":[312],"class_list":["post-65432","post","type-post","status-publish","format-standard","has-post-thumbnail","hentry","category-minuto-a-minuto","category-zona-gris","tag-seccion-22-del-snte"],"jetpack_featured_media_url":"https:\/\/zonaroja.com.mx\/wp-content\/uploads\/2023\/05\/Megamarcha-magisterio-Seccion-22-Oaxaca.jpg","jetpack_sharing_enabled":true,"_links":{"self":[{"href":"https:\/\/zonaroja.com.mx\/index.php?rest_route=\/wp\/v2\/posts\/65432","targetHints":{"allow":["GET"]}}],"collection":[{"href":"https:\/\/zonaroja.com.mx\/index.php?rest_route=\/wp\/v2\/posts"}],"about":[{"href":"https:\/\/zonaroja.com.mx\/index.php?rest_route=\/wp\/v2\/types\/post"}],"author":[{"embeddable":true,"href":"https:\/\/zonaroja.com.mx\/index.php?rest_route=\/wp\/v2\/users\/2"}],"replies":[{"embeddable":true,"href":"https:\/\/zonaroja.com.mx\/index.php?rest_route=%2Fwp%2Fv2%2Fcomments&post=65432"}],"version-history":[{"count":2,"href":"https:\/\/zonaroja.com.mx\/index.php?rest_route=\/wp\/v2\/posts\/65432\/revisions"}],"predecessor-version":[{"id":65436,"href":"https:\/\/zonaroja.com.mx\/index.php?rest_route=\/wp\/v2\/posts\/65432\/revisions\/65436"}],"wp:featuredmedia":[{"embeddable":true,"href":"https:\/\/zonaroja.com.mx\/index.php?rest_route=\/wp\/v2\/media\/55295"}],"wp:attachment":[{"href":"https:\/\/zonaroja.com.mx\/index.php?rest_route=%2Fwp%2Fv2%2Fmedia&parent=65432"}],"wp:term":[{"taxonomy":"category","embeddable":true,"href":"https:\/\/zonaroja.com.mx\/index.php?rest_route=%2Fwp%2Fv2%2Fcategories&post=65432"},{"taxonomy":"post_tag","embeddable":true,"href":"https:\/\/zonaroja.com.mx\/index.php?rest_route=%2Fwp%2Fv2%2Ftags&post=65432"}],"curies":[{"name":"wp","href":"https:\/\/api.w.org\/{rel}","templated":true}]}}