{"id":65437,"date":"2024-02-19T08:30:00","date_gmt":"2024-02-19T14:30:00","guid":{"rendered":"http:\/\/www.zonaroja.com.mx\/?p=65437"},"modified":"2024-02-19T07:38:00","modified_gmt":"2024-02-19T13:38:00","slug":"tamaulipas-12-presuntos-sicarios-muertos-guerrero-obispos-exigen-paz","status":"publish","type":"post","link":"https:\/\/zonaroja.com.mx\/?p=65437","title":{"rendered":"Tamaulipas: 12 presuntos sicarios muertos; Guerrero: obispos exigen paz"},"content":{"rendered":"\n<p>Redacci\u00f3n\/Zona Roja Cdmx.<\/p>\n\n\n\n<p>Ciudad de M\u00e9xico, a 19 de febrero de 2024.- La vocer\u00eda de Seguridad de Tamaulipas inform\u00f3 que ayer se registr\u00f3 un enfrentamiento entre presuntos sicarios y elementos de la Secretar\u00eda de la Defensa Nacional (Sedena) en la colonia Loma Linda, en el municipio Miguel Alem\u00e1n, en Tamaulipas.<\/p>\n\n\n\n<p>Tras estos hechos se\u00f1al\u00f3 que 12 agresores fueron abatidos, mientras que el Ej\u00e9rcito asegur\u00f3 12 armas largas, cartuchos y cargadores de diversos calibres.<\/p>\n\n\n\n<p>De acuerdo con informaci\u00f3n publicada en diarios locales, presuntos miembros del crimen organizado agredieron a los militares, pero fueron neutralizados por las fuerzas castrenses alrededor de las 15:000 horas, tras repeler el ataque.<\/p>\n\n\n\n<p>Las versiones publicadas hasta el cierre de esta edici\u00f3n se\u00f1alan que los agresores fueron detectados \u201cinfraganti\u201d por los militares, quienes realizaban sus recorridos por un camino de terracer\u00eda, muy cerca del Lienzo Charro, \u201csector que se ha vuelto muy utilizado por grupos delincuenciales, tanto de los que operan en esta zona, como de los grupos que buscan irrumpir en el \u00e1rea urbana para ganar m\u00e1s terreno de control\u201d.<\/p>\n\n\n\n<p>EN GUERRERO<\/p>\n\n\n\n<p>Obispos de la Provincia Eclesi\u00e1stica de Acapulco llamaron a las autoridades a no ser indiferentes con las personas que los eligieron para gobernar. Alertaron que el descontento social aumenta por la impunidad, y a los criminales los exhortaron a dejar de abusar de personas, familias, pueblos y ciudades.<\/p>\n\n\n\n<p>Los prelados pidieron a los gobernantes \u201cescuchar el grito ensordecedor de las personas y familias que han sido v\u00edctimas de m\u00faltiples formas de violencia en el estado de Guerrero.<\/p>\n\n\n\n<p>\u201cAnte el recrudecimiento de la violencia en nuestro estado no podemos quedar en silencio\u201d, advirtieron los obispos Joel Ocampo Gorostieta, de Ciudad Altamirano; Jos\u00e9 de Jes\u00fas Gonz\u00e1lez Hern\u00e1ndez, de Chilpancingo-Chilapa, y Dagoberto Sosa Arriaga, de Tlapa, as\u00ed como el arzobispo de Acapulco, Leopoldo Gonz\u00e1lez Gonz\u00e1lez. En el comunicado \u201csobre la paz en nuestro estado de Guerrero\u201d, los sacerdotes manifestaron: \u201cqueremos ser voz de los que no la tienen, de los oprimidos, perseguidos y humillados\u201d.<\/p>\n\n\n\n<p>Las autoridades no deben ser indiferentes<\/p>\n\n\n\n<p>Exigieron que las v\u00edctimas \u201csean escuchadas por todos aquellos que deben asegurar la legalidad en nuestro estado y pa\u00eds, los que pueden contribuir a restablecer un orden justo en la sociedad y aquellos que da\u00f1an a la sociedad\u201d.<\/p>\n\n\n\n<p>A las familias, les solicitaron fomentar entre sus integrantes actitudes de paz frecuentes, acariciar la dimensi\u00f3n comunitaria de la vida y evitar engrosar las filas de quienes promueven la cultura de la muerte.<\/p>\n\n\n\n<p>Los cl\u00e9rigos pidieron a los gobernantes superar cualquier actitud de indiferencia para las personas que los eligieron y evitar ser rebasados por las organizaciones criminales.<\/p>\n\n\n\n<p>(Informaci\u00f3n de \u201cLa Jornada\u201d)<\/p>\n","protected":false},"excerpt":{"rendered":"<p>Redacci\u00f3n\/Zona Roja Cdmx. Ciudad de M\u00e9xico, a 19 de febrero de 2024.- La vocer\u00eda de&hellip;<\/p>\n","protected":false},"author":2,"featured_media":64184,"comment_status":"closed","ping_status":"open","sticky":false,"template":"","format":"standard","meta":{"_lmt_disableupdate":"","_lmt_disable":"","_jetpack_memberships_contains_paid_content":false,"footnotes":""},"categories":[109,51],"tags":[1746],"class_list":["post-65437","post","type-post","status-publish","format-standard","has-post-thumbnail","hentry","category-minuto-a-minuto","category-zona-roja","tag-violencia-en-mexico"],"jetpack_featured_media_url":"https:\/\/zonaroja.com.mx\/wp-content\/uploads\/2024\/01\/Crimen-violencia-escena.jpeg","jetpack_sharing_enabled":true,"_links":{"self":[{"href":"https:\/\/zonaroja.com.mx\/index.php?rest_route=\/wp\/v2\/posts\/65437","targetHints":{"allow":["GET"]}}],"collection":[{"href":"https:\/\/zonaroja.com.mx\/index.php?rest_route=\/wp\/v2\/posts"}],"about":[{"href":"https:\/\/zonaroja.com.mx\/index.php?rest_route=\/wp\/v2\/types\/post"}],"author":[{"embeddable":true,"href":"https:\/\/zonaroja.com.mx\/index.php?rest_route=\/wp\/v2\/users\/2"}],"replies":[{"embeddable":true,"href":"https:\/\/zonaroja.com.mx\/index.php?rest_route=%2Fwp%2Fv2%2Fcomments&post=65437"}],"version-history":[{"count":1,"href":"https:\/\/zonaroja.com.mx\/index.php?rest_route=\/wp\/v2\/posts\/65437\/revisions"}],"predecessor-version":[{"id":65438,"href":"https:\/\/zonaroja.com.mx\/index.php?rest_route=\/wp\/v2\/posts\/65437\/revisions\/65438"}],"wp:featuredmedia":[{"embeddable":true,"href":"https:\/\/zonaroja.com.mx\/index.php?rest_route=\/wp\/v2\/media\/64184"}],"wp:attachment":[{"href":"https:\/\/zonaroja.com.mx\/index.php?rest_route=%2Fwp%2Fv2%2Fmedia&parent=65437"}],"wp:term":[{"taxonomy":"category","embeddable":true,"href":"https:\/\/zonaroja.com.mx\/index.php?rest_route=%2Fwp%2Fv2%2Fcategories&post=65437"},{"taxonomy":"post_tag","embeddable":true,"href":"https:\/\/zonaroja.com.mx\/index.php?rest_route=%2Fwp%2Fv2%2Ftags&post=65437"}],"curies":[{"name":"wp","href":"https:\/\/api.w.org\/{rel}","templated":true}]}}