{"id":65439,"date":"2024-02-19T09:30:00","date_gmt":"2024-02-19T15:30:00","guid":{"rendered":"http:\/\/www.zonaroja.com.mx\/?p=65439"},"modified":"2024-02-19T07:49:20","modified_gmt":"2024-02-19T13:49:20","slug":"ademas-de-criminal-violencia-en-salina-cruz-ahora-reprimen-a-comerciantes","status":"publish","type":"post","link":"https:\/\/zonaroja.com.mx\/?p=65439","title":{"rendered":"Adem\u00e1s de criminal violencia, en Salina Cruz ahora reprimen a comerciantes"},"content":{"rendered":"\n<p>Ismael Garc\u00eda M.\/Zona Roja.<\/p>\n\n\n\n<p>Oaxaca de Ju\u00e1rez, Oax., a 19 de febrero de 2024.- En medio de la creciente ola criminal, en el municipio de Salina Cruz ahora reprimen a comerciantes, para ejecutar una obra p\u00fablica.<\/p>\n\n\n\n<p>Esta ciudad y puerto, punto principal en Oaxaca del proyecto del Corredor Interoce\u00e1nico del Istmo de Tehuantepec, ser\u00e1 visitada la pr\u00f3xima semana por el Presidente Andr\u00e9s Manuel L\u00f3pez Obrador, para inaugurar el rompeolas.<\/p>\n\n\n\n<p>Pese a ello, la violencia contin\u00faa en el municipio \u2014gobernado por el edil Daniel M\u00e9ndez Sosa, surgido del Partido Morena y quien busca repetir en el cargo\u2014 y ayer un grupo de comerciantes fue retirado con violencia por parte de elementos municipales y de la Secretar\u00eda de Marina.<\/p>\n\n\n\n<p>De acuerdo con videos difundidos este domingo, ocurri\u00f3 en la colonia Benito Ju\u00e1rez, donde los habitantes defend\u00edan la dotaci\u00f3n de agua, pues el suministro fue suspendido por la autoridad municipal por una obra que realiza en la construcci\u00f3n de un puente.<\/p>\n\n\n\n<p>Los colonos s\u00f3lo exig\u00edan un di\u00e1logo con el presidente municipal, pero en respuesta, fueron reprimidos por los uniformados federales y municipales.<\/p>\n\n\n\n<p>Hasta el momento no hay informaci\u00f3n respecto a la presencia de autoridades para mediar en el conflicto ni hay postura oficial al respecto.<\/p>\n\n\n\n<p>En cuanto a la violencia criminal, apenas el pasado 15 de febrero se registraron dos ataques armados, con saldo de una persona fallecida y una m\u00e1s lesionada.<\/p>\n\n\n\n<p>Pese a ello, la corporaci\u00f3n de seguridad al mando del ayuntamiento no ha incrementado los operativos de vigilancia.<\/p>\n","protected":false},"excerpt":{"rendered":"<p>Ismael Garc\u00eda M.\/Zona Roja. Oaxaca de Ju\u00e1rez, Oax., a 19 de febrero de 2024.- En&hellip;<\/p>\n","protected":false},"author":2,"featured_media":47704,"comment_status":"closed","ping_status":"open","sticky":false,"template":"","format":"standard","meta":{"_lmt_disableupdate":"","_lmt_disable":"","_jetpack_memberships_contains_paid_content":false,"footnotes":""},"categories":[109,47],"tags":[168],"class_list":["post-65439","post","type-post","status-publish","format-standard","has-post-thumbnail","hentry","category-minuto-a-minuto","category-zona-gris","tag-salina-cruz"],"jetpack_featured_media_url":"https:\/\/zonaroja.com.mx\/wp-content\/uploads\/2022\/11\/Puerto-de-Salina-Cruz-2.jpg","jetpack_sharing_enabled":true,"_links":{"self":[{"href":"https:\/\/zonaroja.com.mx\/index.php?rest_route=\/wp\/v2\/posts\/65439","targetHints":{"allow":["GET"]}}],"collection":[{"href":"https:\/\/zonaroja.com.mx\/index.php?rest_route=\/wp\/v2\/posts"}],"about":[{"href":"https:\/\/zonaroja.com.mx\/index.php?rest_route=\/wp\/v2\/types\/post"}],"author":[{"embeddable":true,"href":"https:\/\/zonaroja.com.mx\/index.php?rest_route=\/wp\/v2\/users\/2"}],"replies":[{"embeddable":true,"href":"https:\/\/zonaroja.com.mx\/index.php?rest_route=%2Fwp%2Fv2%2Fcomments&post=65439"}],"version-history":[{"count":1,"href":"https:\/\/zonaroja.com.mx\/index.php?rest_route=\/wp\/v2\/posts\/65439\/revisions"}],"predecessor-version":[{"id":65440,"href":"https:\/\/zonaroja.com.mx\/index.php?rest_route=\/wp\/v2\/posts\/65439\/revisions\/65440"}],"wp:featuredmedia":[{"embeddable":true,"href":"https:\/\/zonaroja.com.mx\/index.php?rest_route=\/wp\/v2\/media\/47704"}],"wp:attachment":[{"href":"https:\/\/zonaroja.com.mx\/index.php?rest_route=%2Fwp%2Fv2%2Fmedia&parent=65439"}],"wp:term":[{"taxonomy":"category","embeddable":true,"href":"https:\/\/zonaroja.com.mx\/index.php?rest_route=%2Fwp%2Fv2%2Fcategories&post=65439"},{"taxonomy":"post_tag","embeddable":true,"href":"https:\/\/zonaroja.com.mx\/index.php?rest_route=%2Fwp%2Fv2%2Ftags&post=65439"}],"curies":[{"name":"wp","href":"https:\/\/api.w.org\/{rel}","templated":true}]}}