{"id":6544,"date":"2019-12-10T14:11:25","date_gmt":"2019-12-10T20:11:25","guid":{"rendered":"https:\/\/www.zonaroja.com.mx\/?p=6544"},"modified":"2019-12-10T14:12:25","modified_gmt":"2019-12-10T20:12:25","slug":"regidora-de-santa-lucia-denuncia-a-edil-dante-montano-por-violencia-politica-y-de-genero","status":"publish","type":"post","link":"https:\/\/zonaroja.com.mx\/?p=6544","title":{"rendered":"Regidora de Santa Luc\u00eda denuncia a edil Dante Monta\u00f1o por violencia pol\u00edtica y de g\u00e9nero"},"content":{"rendered":"\n<p class=\"p1\">Evlin Arag\u00f3n\/ Zona Roja.<\/p>\n\n\n\n<p class=\"p1\">Oaxaca de Ju\u00e1rez, Oax., 10 de diciembre de 2019.- Nallely Ortiz Jim\u00e9nez, regidora de Equidad de G\u00e9nero y Grupos Vulnerables del municipio de Santa Luc\u00eda del Camino, denunci\u00f3 que que es v\u00edctima de violencia pol\u00edtica y de g\u00e9nero por parte del edil Dante Monta\u00f1o Montero, del Partido Morena &nbsp;<\/p>\n\n\n\n<p class=\"p1\">La concejal explic\u00f3 en conferencia que lo anterior se da luego de que exigiera al presidente municipal que se cumplieran en tiempo y forma las sesiones de Cabildo como lo marca la Ley Org\u00e1nica Municipal, ya que recientemente se pidi\u00f3 la firma de las y los regidores para la aprobaci\u00f3n del presupuesto 2020, sin que se pudiera analizar y discutir como cuerpo colegiado.<\/p>\n\n\n\n<p class=\"p1\">Ademas, este a\u00f1o se adjudic\u00f3 60 millones de pesos para gastos personales, sin especificar de qu\u00e9 forma los aplic\u00f3 en el municipio.&nbsp;<\/p>\n\n\n\n<p class=\"p1\">As\u00ed mismo, por evidenciar y ponerse de lado de la base trabajadora municipal a quienes se les redujo el sueldo sin explicaci\u00f3n del edil, raz\u00f3n por la que pidi\u00f3 cuentas obteniendo como resultado la retenci\u00f3n de pago del personal a su cargo, dejando a la regidur\u00eda de Equidad de G\u00e9nero y Grupos Vulnerables sin trabaJadores.<\/p>\n\n\n\n<p><div class=\"twitter-tweet\"><blockquote class=\"twitter-tweet\" data-lang=\"es\"><p lang=\"es\" dir=\"ltr\"><a href=\"https:\/\/twitter.com\/hashtag\/OaxacaGris?src=hash&amp;ref_src=twsrc%5Etfw\">#OaxacaGris<\/a><br>En conferencia de prensa, la regidora Nallely Ortiz denunci\u00f3 al edil de <a href=\"https:\/\/twitter.com\/GobSantaLucia?ref_src=twsrc%5Etfw\">@GobSantaLucia<\/a>, <a href=\"https:\/\/twitter.com\/DANTEMONTANO?ref_src=twsrc%5Etfw\">@DANTEMONTANO<\/a>, por acoso laboral y violencia pol\u00edtica y de g\u00e9nero; adem\u00e1s, acus\u00f3 que el Cabildo no sesiona y el presidente se adjudic\u00f3 60 mdp para gastos personales. <a href=\"https:\/\/t.co\/2JNbfMyGy0\">pic.twitter.com\/2JNbfMyGy0<\/a><\/p>&mdash; Zona Roja Oaxaca (@MexRoja) <a href=\"https:\/\/twitter.com\/MexRoja\/status\/1204479921122402304?ref_src=twsrc%5Etfw\">10 de diciembre de 2019<\/a><\/blockquote><\/div><\/p>\n\n\n\n<p class=\"p1\">Ortiz Jim\u00e9nez detall\u00f3 que desde el inicio de la administraci\u00f3n ha sido objeto de actos violentos y mis\u00f3ginos por los que incluso present\u00f3 una denuncia ante la Fiscal\u00eda General del Estado, la cual qued\u00f3 integrada en la carpeta de investigaci\u00f3n FGEO\/FEDE\/972\/2019.<\/p>\n\n\n\n<p class=\"p1\">\u201cDesde el inicio de esta administraci\u00f3n he sido objeto de actos discriminatorios, se&nbsp;me excluye en la toma de decisiones por el hecho de ser mujer, adem\u00e1s de recibir amenazas y soportar conductas mis\u00f3ginas, por parte del Presidente Municipal de Santa Lucia del Camino, Dante Monta\u00f1o Montero\u201d, indic\u00f3 en el escrito difundido.<\/p>\n\n\n\n<p class=\"p1\">En este sentido indic\u00f3 que el edil de Santa Luc\u00eda ha iniciado una campa\u00f1a de desprestigio en su contra, tanto en redes sociales como en medios de comunicaci\u00f3n, en donde asegura se incita a la violencia en contra suya y de su familia, todo por promover que se transparente la administraci\u00f3n municipal.<\/p>\n\n\n\n<p class=\"p1\">Y es que a inicios de mes circul\u00f3 en redes y medios locales la informaci\u00f3n en la que se acusa a la regidora Nallely Ortiz de presuntamente dobletear \u201csueldazos\u201d, ya que se refiere que independientemente de recibir una dieta mensual de 40 mil pesos en la administraci\u00f3n municipal, tambi\u00e9n percibe un sueldo al interior del Instituto Estatal de Educaci\u00f3n P\u00fablica de Oaxaca.<\/p>\n\n\n\n<p class=\"p1\">Situaci\u00f3n que asegura se debe a sus constantes se\u00f1alamiento al interior de la administraci\u00f3n de Dante Monta\u00f1o, a quien acusa de violentarla por razones de g\u00e9nero.<\/p>\n\n\n\n<p class=\"p1\">Lament\u00f3 que el edil surgido del Partido Morena d\u00e9 a los medios de comunicaci\u00f3n una cara y fija que est\u00e1 a favor de los derechos de las mujeres, cuando en privado hace todo lo contrario.&nbsp;<\/p>\n","protected":false},"excerpt":{"rendered":"<p>Evlin Arag\u00f3n\/ Zona Roja. Oaxaca de Ju\u00e1rez, Oax., 10 de diciembre de 2019.- Nallely Ortiz&hellip;<\/p>\n","protected":false},"author":2,"featured_media":6543,"comment_status":"closed","ping_status":"open","sticky":false,"template":"","format":"standard","meta":{"_lmt_disableupdate":"","_lmt_disable":"","_jetpack_memberships_contains_paid_content":false,"footnotes":""},"categories":[109,47],"tags":[585,337],"class_list":["post-6544","post","type-post","status-publish","format-standard","has-post-thumbnail","hentry","category-minuto-a-minuto","category-zona-gris","tag-dante-montano-montero","tag-santa-lucia-del-camino"],"jetpack_featured_media_url":"https:\/\/zonaroja.com.mx\/wp-content\/uploads\/2019\/12\/ezy-watermark_10-12-2019_02-01-36p.-m..jpg","jetpack_sharing_enabled":true,"_links":{"self":[{"href":"https:\/\/zonaroja.com.mx\/index.php?rest_route=\/wp\/v2\/posts\/6544","targetHints":{"allow":["GET"]}}],"collection":[{"href":"https:\/\/zonaroja.com.mx\/index.php?rest_route=\/wp\/v2\/posts"}],"about":[{"href":"https:\/\/zonaroja.com.mx\/index.php?rest_route=\/wp\/v2\/types\/post"}],"author":[{"embeddable":true,"href":"https:\/\/zonaroja.com.mx\/index.php?rest_route=\/wp\/v2\/users\/2"}],"replies":[{"embeddable":true,"href":"https:\/\/zonaroja.com.mx\/index.php?rest_route=%2Fwp%2Fv2%2Fcomments&post=6544"}],"version-history":[{"count":1,"href":"https:\/\/zonaroja.com.mx\/index.php?rest_route=\/wp\/v2\/posts\/6544\/revisions"}],"predecessor-version":[{"id":6545,"href":"https:\/\/zonaroja.com.mx\/index.php?rest_route=\/wp\/v2\/posts\/6544\/revisions\/6545"}],"wp:featuredmedia":[{"embeddable":true,"href":"https:\/\/zonaroja.com.mx\/index.php?rest_route=\/wp\/v2\/media\/6543"}],"wp:attachment":[{"href":"https:\/\/zonaroja.com.mx\/index.php?rest_route=%2Fwp%2Fv2%2Fmedia&parent=6544"}],"wp:term":[{"taxonomy":"category","embeddable":true,"href":"https:\/\/zonaroja.com.mx\/index.php?rest_route=%2Fwp%2Fv2%2Fcategories&post=6544"},{"taxonomy":"post_tag","embeddable":true,"href":"https:\/\/zonaroja.com.mx\/index.php?rest_route=%2Fwp%2Fv2%2Ftags&post=6544"}],"curies":[{"name":"wp","href":"https:\/\/api.w.org\/{rel}","templated":true}]}}