{"id":65441,"date":"2024-02-19T11:30:00","date_gmt":"2024-02-19T17:30:00","guid":{"rendered":"http:\/\/www.zonaroja.com.mx\/?p=65441"},"modified":"2024-02-19T08:03:37","modified_gmt":"2024-02-19T14:03:37","slug":"colectivas-de-mexico-llaman-a-amlo-a-detener-violencia-contra-buscadoras","status":"publish","type":"post","link":"https:\/\/zonaroja.com.mx\/?p=65441","title":{"rendered":"Colectivas de M\u00e9xico llaman a AMLO a detener violencia contra buscadoras"},"content":{"rendered":"\n<p>Redacci\u00f3n\/SemM\u00e9xico<\/p>\n\n\n\n<p>Ciudad de M\u00e9xico, a 19 de febrero de 2024.- Las m\u00e1s de 40 colectivas de v\u00edctimas de desaparecidas y desaparecidos hacen responsable al presidente Andr\u00e9s Manuel L\u00f3pez Obrador del asesinato en Tecate, Baja California de Angela Meraz Le\u00f3n y del secuestro y desaparici\u00f3n de Lorenza Cano Flores, sin que se tenga noticias de ella.<\/p>\n\n\n\n<p>Le piden den protecci\u00f3n tambi\u00e9n en Tijuana a J. Barbara Mart\u00ednez quien ha recibido amenazas y ya se pidi\u00f3 protecci\u00f3n al Mecanismo de Protecci\u00f3n a defensores de Derechos Humanos y Periodistas.<\/p>\n\n\n\n<p>A la comunidad internacional y organismos de Derechos Humanos hacen un llamado de auxilio para que intervengan en acciones que obliguen al gobierno a implementar medidas de seguridad a la sociedad y principalmente a las v\u00edctimas, para que se detengan asesinatos, masacres y violaciones constantes y sistem\u00e1ticas de los derechos humanos de la poblaci\u00f3n mexicana y extranjera.<\/p>\n\n\n\n<p>Se\u00f1alan en la carta p\u00fablica que el gobierno no brind\u00f3 la seguridad necesaria para Angela Meraz Le\u00f3n quien denunci\u00f3 las amenazas de que fue objeto. Se\u00f1alan que las y los familiares est\u00e1n expuestos a esta violencia ante la omisi\u00f3n de las autoridades.<\/p>\n\n\n\n<p>Hacen responsable al Ejecutivo \u201cpor mostrar desinter\u00e9s, ser omiso, no darnos la protecci\u00f3n e importancia al tema, por su apat\u00eda, sus actitudes alentando al crimen organizado a ejercer dichos asesinatos, pues no pasa cada que matan, secuestran y desaparecen a alg\u00fan familiar que est\u00e1 expuesto por la actividad de buscarlos\u201d.<\/p>\n\n\n\n<p>\u201cSi fue capaz de reducir una cifra de nuestras y nuestros desaparecidos, lo creemos capaz de no aceptar que el asesinato de esta compa\u00f1era Angela Meraz, tiene alguna relaci\u00f3n con lo sucedido a esa familia, pues eso, para usted ser\u00eda descalificar su gobierno, que s\u00f3lo le interesa simular y decir que ya redujo la violencia\u201d.<\/p>\n\n\n\n<p>Agregan que \u201cbuscar para encontrar a un ser querido, verdad y justicia, deber\u00eda de ser una prioridad de protecci\u00f3n a la integridad f\u00edsica por dicha actividad, sin embargo, prefieren proteger a los victimarios o la ineptitud de los funcionarios, como lo es el Mecanismo de Protecci\u00f3n a Defensores de Derechos Humanos y Periodistas, fiscal\u00edas, sin mencionar la poca capacidad de la Comisi\u00f3n Nacional de B\u00fasqueda (CNB), el Subsecretario de Derechos Humanos que al igual que al anterior, puro protagonismo y nada de atenci\u00f3n, que llevan a cabo una pol\u00edtica de simulaci\u00f3n\u201d.<\/p>\n\n\n\n<p>Le reclaman que \u00e9l vive en un Palacio blindado mientras la poblaci\u00f3n est\u00e1 a merced de la delincuencia. Le exigen seguridad y protecci\u00f3n para todas las v\u00edctimas del pa\u00eds.<\/p>\n\n\n\n<p>C\u00f3mo se recordar\u00e1 la activista conocida como Angelita Meraz quien se uniera a la colectiva de b\u00fasqueda Uni\u00f3n y Fuerza por Nuestros Desaparecidos cuando desapareci\u00f3 su hermano Juan Jos\u00e9 V\u00e1zquez en 2018, fue asesinada el pasado 8 de febrero en su Sal\u00f3n de Belleza en Tecate por un hombre que le dispar\u00f3 y escapo.<\/p>\n\n\n\n<p>Sigue desaparecida Lorenza Cano Flores madre buscadora plagiada en Salamanca Guanajuato por hombres armados que ingresaron a su casa y asesinaron a su esposo e hijo. Buscaba desde el&nbsp; 2018 a Jos\u00e9 Francisco Cano Flores, su hermano, desaparecido desde el 17 de agosto.<\/p>\n\n\n\n<p>El&nbsp; 22 de enero pasado, el fiscal de la Regi\u00f3n B, Israel Aguado Silva, inform\u00f3 que arrestaron a Jos\u00e9 Adri\u00e1n, el \u201cAdri\u201d; y a Jos\u00e9 Iv\u00e1n, el \u201cG\u00fcero Pericles\u201d, como los presuntos secuestradores de la buscadora y del homicidio de su esposo e hijo. El 29 de enero fueron liberados y ella sigue desaparecida.<\/p>\n\n\n\n<p>La encargada del colectivo de b\u00fasqueda Buscando a Tolano, B\u00e1rbara Mart\u00ednez, ha recibido amenazas contra su vida desde el pasado 4 de febrero tras la localizaci\u00f3n de 11 cuerpos en el fraccionamiento Delicias tercera secci\u00f3n en Tijuana.<\/p>\n\n\n\n<p>La han amenazado y le dan entender la intenci\u00f3n de desaparecerla como a sus dos hijos, C\u00e9sar Ezequiel Rico de la Cerda, desaparecido desde 2018 en el fraccionamiento Urbi Villa del Prado segunda secci\u00f3n, y Esteban Uriel Rico de la Cerda, desaparecido desde 2020, seg\u00fan la activista, por mano de Polic\u00edas Municipales de Tijuana.<\/p>\n","protected":false},"excerpt":{"rendered":"<p>Redacci\u00f3n\/SemM\u00e9xico Ciudad de M\u00e9xico, a 19 de febrero de 2024.- Las m\u00e1s de 40 colectivas&hellip;<\/p>\n","protected":false},"author":2,"featured_media":41063,"comment_status":"closed","ping_status":"open","sticky":false,"template":"","format":"standard","meta":{"_lmt_disableupdate":"","_lmt_disable":"","_jetpack_memberships_contains_paid_content":false,"footnotes":""},"categories":[109,47],"tags":[],"class_list":["post-65441","post","type-post","status-publish","format-standard","has-post-thumbnail","hentry","category-minuto-a-minuto","category-zona-gris"],"jetpack_featured_media_url":"https:\/\/zonaroja.com.mx\/wp-content\/uploads\/2022\/05\/Madres-buscando-buscadoras-desaparecidas.jpg","jetpack_sharing_enabled":true,"_links":{"self":[{"href":"https:\/\/zonaroja.com.mx\/index.php?rest_route=\/wp\/v2\/posts\/65441","targetHints":{"allow":["GET"]}}],"collection":[{"href":"https:\/\/zonaroja.com.mx\/index.php?rest_route=\/wp\/v2\/posts"}],"about":[{"href":"https:\/\/zonaroja.com.mx\/index.php?rest_route=\/wp\/v2\/types\/post"}],"author":[{"embeddable":true,"href":"https:\/\/zonaroja.com.mx\/index.php?rest_route=\/wp\/v2\/users\/2"}],"replies":[{"embeddable":true,"href":"https:\/\/zonaroja.com.mx\/index.php?rest_route=%2Fwp%2Fv2%2Fcomments&post=65441"}],"version-history":[{"count":1,"href":"https:\/\/zonaroja.com.mx\/index.php?rest_route=\/wp\/v2\/posts\/65441\/revisions"}],"predecessor-version":[{"id":65442,"href":"https:\/\/zonaroja.com.mx\/index.php?rest_route=\/wp\/v2\/posts\/65441\/revisions\/65442"}],"wp:featuredmedia":[{"embeddable":true,"href":"https:\/\/zonaroja.com.mx\/index.php?rest_route=\/wp\/v2\/media\/41063"}],"wp:attachment":[{"href":"https:\/\/zonaroja.com.mx\/index.php?rest_route=%2Fwp%2Fv2%2Fmedia&parent=65441"}],"wp:term":[{"taxonomy":"category","embeddable":true,"href":"https:\/\/zonaroja.com.mx\/index.php?rest_route=%2Fwp%2Fv2%2Fcategories&post=65441"},{"taxonomy":"post_tag","embeddable":true,"href":"https:\/\/zonaroja.com.mx\/index.php?rest_route=%2Fwp%2Fv2%2Ftags&post=65441"}],"curies":[{"name":"wp","href":"https:\/\/api.w.org\/{rel}","templated":true}]}}