{"id":65444,"date":"2024-02-19T14:10:19","date_gmt":"2024-02-19T20:10:19","guid":{"rendered":"http:\/\/www.zonaroja.com.mx\/?p=65444"},"modified":"2024-02-19T14:10:20","modified_gmt":"2024-02-19T20:10:20","slug":"solucion-a-limites-de-chimalapas-se-complico-y-atraso-por-intromision-de-asesores-externos","status":"publish","type":"post","link":"https:\/\/zonaroja.com.mx\/?p=65444","title":{"rendered":"Soluci\u00f3n a l\u00edmites de Chimalapas se complic\u00f3 y atras\u00f3 \u201cpor intromisi\u00f3n de asesores externos\u201d&nbsp;"},"content":{"rendered":"\n<p>Yuridiana Sosa\/Zona Roja.<\/p>\n\n\n\n<p>Oaxaca de Ju\u00e1rez, Oax., 19 de febrero de 2024.- La soluci\u00f3n al conflicto de l\u00edmites entre Oaxaca y Chiapas se prolong\u00f3 ante la injerencia de un despacho jur\u00eddico, de la Ciudad de M\u00e9xico, para que los Chimalapas solicitaran a la Suprema Corte de Justicia de la Naci\u00f3n revisiones de otros puntos lim\u00edtrofes, sobre los que ya exist\u00edan acuerdos para aclaraci\u00f3n, se\u00f1al\u00f3 el Consejero Jur\u00eddico del gobierno de Oaxaca, Geovany V\u00e1squez Sagrero.<\/p>\n\n\n\n<p>En la conferencia matutina del gobernador Salom\u00f3n Jara de&nbsp;este lunes, el funcionario&nbsp;asever\u00f3 que la nueva sentencia de la SCJN -que orden\u00f3 la revisi\u00f3n oficiosa de las coordenadas geogr\u00e1ficas de tres puntos lim\u00edtrofes&nbsp; entre Oaxaca y Chiapas se\u00f1alados en la sentencia de noviembre de 2021, sobre la controversia constitucional 121\/2012- s\u00f3lo provoca el retraso en perjuicio del conflicto.&nbsp;<\/p>\n\n\n\n<p>La SCJN determin\u00f3 el pasado 13 de febrero que era necesario &nbsp;la aclaraci\u00f3n y precisi\u00f3n de las coordenadas fijadas para los puntos &nbsp;Barra de Tonal\u00e1, Cerro del Chilillo y Cerro de la Jineta, para fijar la l\u00ednea lim\u00edtrofe entre los Estados de Oaxaca y Chiapas, todo esto bajo un proceso de prueba pericial en topograf\u00eda.<\/p>\n\n\n\n<p>De acuerdo con el Consejero Jur\u00eddico, estos puntos se aclarar\u00edan mediante di\u00e1logos entre los gobiernos de Oaxaca y Chiapas, lo cual se hab\u00eda acordado con las comunidades de Santa Mar\u00eda y San Miguel Chimalapa.<\/p>\n\n\n\n<p>Mientras que en mismo acuerdo con las comunidades, en asambleas, en junio de 2023 el gobierno de Oaxaca present\u00f3 ante dicha Corte un incidente de aclaraci\u00f3n de la Sentencia en la controversia Constitucional 121\/2012 para el punto colindante con Veracruz, pues las nuevas coordenadas dictadas por la Suprema Corte representaban una p\u00e9rdida de 10 mil hect\u00e1reas de Oaxaca ante el estado de Chiapas y a su vez, Oaxaca invad\u00eda 200 hect\u00e1reas de territorio del estado de Veracruz.<\/p>\n\n\n\n<p>En ese sentido, la SCJN reconoci\u00f3 en sentencia anterior &nbsp;que la coordenada del punto denominado&nbsp;\u201cCerro de los Mart\u00ednez\u201d, de la comunidad de Nuevo Ocotal, Veracruz, era imprecisa e incorrecta, por lo que ordenaba su revisi\u00f3n.&nbsp;<\/p>\n\n\n\n<p>V\u00e1squez Sagrero agreg\u00f3 que entonces, la nueva determinaci\u00f3n del pasado 13 de febrero atrasa el proceso que el Gobierno del Estado ten\u00eda en plan, como es iniciar con el amojonamiento y deslinde de tierras.<\/p>\n\n\n\n<p>\u201cNo les han explicado a los amigos de los Chimalapas que esta situaci\u00f3n entorpece la soluci\u00f3n del asunto\u201d, se\u00f1al\u00f3 el Consejero Jur\u00eddico, quien precis\u00f3 que fue el propio Gobierno del Estado, en la actual administraci\u00f3n, quien se dio cuenta del error de las coordenadas en la sentencia y quien inici\u00f3 el proceso para rescatar las 10 mil hect\u00e1reas de Oaxaca.&nbsp;<\/p>\n\n\n\n<p>Por ello llama la atenci\u00f3n que entes ajenos, como un despacho de la Ciudad de M\u00e9xico, asesore de esa forma a los Chimalapas y retrase el proceso.<\/p>\n\n\n\n<p>\u201cAlguien los indujo a que fueran y pidiera la revisi\u00f3n de los puntos de abajo y esto ha provocado ahora el retraso en perjuicio de ese conflicto\u201d, expres\u00f3 V\u00e1squez Sagrero, quien refiri\u00f3 que en medio a\u00f1o han realizado diversas visitas a las comunidades de los Chimalapas, manteniendo un di\u00e1logo permanente.&nbsp;<\/p>\n","protected":false},"excerpt":{"rendered":"<p>Yuridiana Sosa\/Zona Roja. Oaxaca de Ju\u00e1rez, Oax., 19 de febrero de 2024.- La soluci\u00f3n al&hellip;<\/p>\n","protected":false},"author":2,"featured_media":65443,"comment_status":"closed","ping_status":"open","sticky":false,"template":"","format":"standard","meta":{"_lmt_disableupdate":"","_lmt_disable":"","_jetpack_memberships_contains_paid_content":false,"footnotes":""},"categories":[109,47],"tags":[],"class_list":["post-65444","post","type-post","status-publish","format-standard","has-post-thumbnail","hentry","category-minuto-a-minuto","category-zona-gris"],"jetpack_featured_media_url":"https:\/\/zonaroja.com.mx\/wp-content\/uploads\/2024\/02\/img_1165-1.jpg","jetpack_sharing_enabled":true,"_links":{"self":[{"href":"https:\/\/zonaroja.com.mx\/index.php?rest_route=\/wp\/v2\/posts\/65444","targetHints":{"allow":["GET"]}}],"collection":[{"href":"https:\/\/zonaroja.com.mx\/index.php?rest_route=\/wp\/v2\/posts"}],"about":[{"href":"https:\/\/zonaroja.com.mx\/index.php?rest_route=\/wp\/v2\/types\/post"}],"author":[{"embeddable":true,"href":"https:\/\/zonaroja.com.mx\/index.php?rest_route=\/wp\/v2\/users\/2"}],"replies":[{"embeddable":true,"href":"https:\/\/zonaroja.com.mx\/index.php?rest_route=%2Fwp%2Fv2%2Fcomments&post=65444"}],"version-history":[{"count":1,"href":"https:\/\/zonaroja.com.mx\/index.php?rest_route=\/wp\/v2\/posts\/65444\/revisions"}],"predecessor-version":[{"id":65445,"href":"https:\/\/zonaroja.com.mx\/index.php?rest_route=\/wp\/v2\/posts\/65444\/revisions\/65445"}],"wp:featuredmedia":[{"embeddable":true,"href":"https:\/\/zonaroja.com.mx\/index.php?rest_route=\/wp\/v2\/media\/65443"}],"wp:attachment":[{"href":"https:\/\/zonaroja.com.mx\/index.php?rest_route=%2Fwp%2Fv2%2Fmedia&parent=65444"}],"wp:term":[{"taxonomy":"category","embeddable":true,"href":"https:\/\/zonaroja.com.mx\/index.php?rest_route=%2Fwp%2Fv2%2Fcategories&post=65444"},{"taxonomy":"post_tag","embeddable":true,"href":"https:\/\/zonaroja.com.mx\/index.php?rest_route=%2Fwp%2Fv2%2Ftags&post=65444"}],"curies":[{"name":"wp","href":"https:\/\/api.w.org\/{rel}","templated":true}]}}