{"id":65449,"date":"2024-02-19T17:44:05","date_gmt":"2024-02-19T23:44:05","guid":{"rendered":"http:\/\/www.zonaroja.com.mx\/?p=65449"},"modified":"2024-02-19T17:44:07","modified_gmt":"2024-02-19T23:44:07","slug":"estallan-protestas-en-inicio-de-semana-y-complica-atenciones","status":"publish","type":"post","link":"https:\/\/zonaroja.com.mx\/?p=65449","title":{"rendered":"Estallan protestas en inicio de semana y complica atenciones"},"content":{"rendered":"\n<p>Yuridiana Sosa\/Zona Roja.<\/p>\n\n\n\n<p>Oaxaca de Ju\u00e1rez, Oax., 19 de &nbsp;febrero de 2024.- La semana abri\u00f3 con media docena de protestas que estallaron en Oaxaca, en su mayor\u00eda a la puerta y frente a Palacio de Gobierno; desde pobladores, estudiantes, padres de familia hasta organizaciones sociales.<\/p>\n\n\n\n<p>Desde temprana hora, el Sindicato \u00danico de Trabajadores del Colegio Nacional de Educaci\u00f3n Profesional T\u00e9cnica &nbsp;(Sutdceo) inici\u00f3 un paro de brazos ca\u00eddos en seis planteles del Conalep en la entidad, sin afectar las clases que iniciaron este lunes.<\/p>\n\n\n\n<p>Los docentes exigen a la instituci\u00f3n una revisi\u00f3n a su favor sobre las cargas horarias de los docentes afectados con la reducci\u00f3n de clases.<\/p>\n\n\n\n<p>La protesta, realizada por unos 300 sindicalizados, se llev\u00f3 a cabo en los planteles de Huajuapan de Le\u00f3n, Tuxtepec, Salina Cruz, Juchit\u00e1n, Puerto Escondido y Oaxaca.<\/p>\n\n\n\n<p>Otra protesta, en el \u00e1mbito educativo se llev\u00f3 a cabo por parte de habitantes de San Antonio Arrazola, Santa Cruz Xoxocotl\u00e1n, alumnos y padres de familia del Cecyte en esa localidad.<\/p>\n\n\n\n<p>Los manifestantes marcharon de forma pac\u00edfica desde su comunidad, conurbada a la capital, hasta el z\u00f3calo de la ciudad de Oaxaca en defensa del predio de su instituci\u00f3n, del cual denunciaron el Colegio de Estudios Cient\u00edficos y Tecnol\u00f3gicos del Estado de Oaxaca (Cecyte) les inform\u00f3 que ser\u00edan desalojados del plantel por un problema jur\u00eddico que enfrenta por ese predio.<\/p>\n\n\n\n<p>Ante esta situaci\u00f3n y por la que no han recibido clases, exigieron al gobernador Salom\u00f3n Jara su intervenci\u00f3n para mantener su escuela.<\/p>\n\n\n\n<p>En tanto, que por varios minutos cerraron por varios minutos los accesos del Palacio de Gobierno.<\/p>\n\n\n\n<p>ORGANIZACIONES<\/p>\n\n\n\n<p>La reuni\u00f3n programada entre el Movimiento de Unificaci\u00f3n y Lucha Triqui (MULT) con el Gobierno del Estado estuvo a punto terminar en una protesta mayor ante el condicionamiento de las autoridades para recibirlos en la mesa de di\u00e1logo programada.<\/p>\n\n\n\n<p>Desde temprana hora, m\u00e1s de un centenar de representantes de la organizaci\u00f3n, se agrup\u00f3 frente a Palacio de Gobierno para ser atendidos a las 11:00 horas, pero ante el atraso de las autoridades los integrantes de la organizaci\u00f3n se inquietaron.<\/p>\n\n\n\n<p>Minutos antes de ser recibidos, el gobierno condicion\u00f3 la atenci\u00f3n a una comisi\u00f3n de 100 personas, pero a la cita fueron 170 representantes de las comunidades, quienes rechazaron la limitaci\u00f3n.<\/p>\n\n\n\n<p>Finalmente, la autoridad estatal pidi\u00f3 como condici\u00f3n dejar sus tel\u00e9fonos celulares en la recepci\u00f3n.<\/p>\n\n\n\n<p>Por otra parte, el Frente Popular Revolucionario (FPR) se manifest\u00f3 frente a Palacio de Gobierno para anunciar su Jornada Estatal de Lucha ante la falta de di\u00e1logo y atenci\u00f3n a las demandas de justicia; como parte de su movilizaci\u00f3n iniciaron una huelga de hambre y \u201cplant\u00f3n\u201d.<\/p>\n\n\n\n<p>Al grupo de protestas llegaron integrantes de la Universidad Aut\u00f3noma Comunal de Oaxaca (UACO), quienes tras varios minutos de esperar una reuni\u00f3n con las autoridades, se manifestaron ante el condicionamiento de permitir el ingreso una comisi\u00f3n de s\u00f3lo 40 personas.<\/p>\n\n\n\n<p>En tanto, habitantes de Eloxochitl\u00e1n de Flores Mag\u00f3n, de la regi\u00f3n Ca\u00f1ada, instalaron una protesta en el corredor del Palacio de Gobierno en demanda a la libertad de cuatro presos por hechos ocurridos en 2014.<\/p>\n\n\n\n<p>Las manifestantes se\u00f1alaron que la titular del Poder Judicial, Berenice Ram\u00edrez Jim\u00e9nez, se niega a recibirlos para abordar el tema de sus presos pol\u00edticos desde hace nueve a\u00f1os.<\/p>\n\n\n\n<p>Elvira Bola\u00f1os, hermana de unos de los detenidos, se\u00f1al\u00f3 que el pasado viernes sali\u00f3 a favor de Fernando Gavito, Alfredo Bola\u00f1os y Francisco Dur\u00e1n un amparo, pero cada vez que se emite uno de este tipo la contraparte, entre ellas la secretaria de la Mujer Elisa Zepeda, mueve sus influencias para que se queden detenidos y sin sentencia.&nbsp;<\/p>\n","protected":false},"excerpt":{"rendered":"<p>Yuridiana Sosa\/Zona Roja. Oaxaca de Ju\u00e1rez, Oax., 19 de &nbsp;febrero de 2024.- La semana abri\u00f3&hellip;<\/p>\n","protected":false},"author":2,"featured_media":65450,"comment_status":"closed","ping_status":"open","sticky":false,"template":"","format":"standard","meta":{"_lmt_disableupdate":"","_lmt_disable":"","_jetpack_memberships_contains_paid_content":false,"footnotes":""},"categories":[109,47],"tags":[2264],"class_list":["post-65449","post","type-post","status-publish","format-standard","has-post-thumbnail","hentry","category-minuto-a-minuto","category-zona-gris","tag-bloqueos-y-protestas-oaxaca"],"jetpack_featured_media_url":"https:\/\/zonaroja.com.mx\/wp-content\/uploads\/2024\/02\/Protestas-y-bloqueos-Oaxaca-19-de-febrero.jpg","jetpack_sharing_enabled":true,"_links":{"self":[{"href":"https:\/\/zonaroja.com.mx\/index.php?rest_route=\/wp\/v2\/posts\/65449","targetHints":{"allow":["GET"]}}],"collection":[{"href":"https:\/\/zonaroja.com.mx\/index.php?rest_route=\/wp\/v2\/posts"}],"about":[{"href":"https:\/\/zonaroja.com.mx\/index.php?rest_route=\/wp\/v2\/types\/post"}],"author":[{"embeddable":true,"href":"https:\/\/zonaroja.com.mx\/index.php?rest_route=\/wp\/v2\/users\/2"}],"replies":[{"embeddable":true,"href":"https:\/\/zonaroja.com.mx\/index.php?rest_route=%2Fwp%2Fv2%2Fcomments&post=65449"}],"version-history":[{"count":1,"href":"https:\/\/zonaroja.com.mx\/index.php?rest_route=\/wp\/v2\/posts\/65449\/revisions"}],"predecessor-version":[{"id":65451,"href":"https:\/\/zonaroja.com.mx\/index.php?rest_route=\/wp\/v2\/posts\/65449\/revisions\/65451"}],"wp:featuredmedia":[{"embeddable":true,"href":"https:\/\/zonaroja.com.mx\/index.php?rest_route=\/wp\/v2\/media\/65450"}],"wp:attachment":[{"href":"https:\/\/zonaroja.com.mx\/index.php?rest_route=%2Fwp%2Fv2%2Fmedia&parent=65449"}],"wp:term":[{"taxonomy":"category","embeddable":true,"href":"https:\/\/zonaroja.com.mx\/index.php?rest_route=%2Fwp%2Fv2%2Fcategories&post=65449"},{"taxonomy":"post_tag","embeddable":true,"href":"https:\/\/zonaroja.com.mx\/index.php?rest_route=%2Fwp%2Fv2%2Ftags&post=65449"}],"curies":[{"name":"wp","href":"https:\/\/api.w.org\/{rel}","templated":true}]}}