{"id":65452,"date":"2024-02-19T18:09:38","date_gmt":"2024-02-20T00:09:38","guid":{"rendered":"http:\/\/www.zonaroja.com.mx\/?p=65452"},"modified":"2024-02-19T18:09:48","modified_gmt":"2024-02-20T00:09:48","slug":"muere-una-alpinista-de-tres-rescatados-en-el-pico-de-orizaba","status":"publish","type":"post","link":"https:\/\/zonaroja.com.mx\/?p=65452","title":{"rendered":"Muere una alpinista de tres rescatados en el Pico de Orizaba"},"content":{"rendered":"\n<p>Redacci\u00f3n\/Zona Roja Cdmx.<\/p>\n\n\n\n<p>Ciudad de M\u00e9xico, a 19 de febrero de 2024.- Jessica, quien desapareci\u00f3 este s\u00e1bado junto con un grupo de alpinistas en el Pico de Orizaba, ubicado entre Veracruz y Puebla, falleci\u00f3 este lunes 19 de febrero tras ser rescatada con dos compa\u00f1eros m\u00e1s.<\/p>\n\n\n\n<p>\u201cEn seguimiento a los Alpinistas extraviados el pasado 17 de febrero en el Pico de Orizaba, se informa que se confirma el fallecimiento de Jessica N\u201d, inform\u00f3 Protecci\u00f3n Civil de Puebla a trav\u00e9s de su cuenta X, antes Twitter.<\/p>\n\n\n\n<p>De acuerdo con la dependencia, las tres personas rescatadas por personal de Coordinaci\u00f3n, Seguridad P\u00fablica, Cruz Roja y Rescate Alpino fueron trasladadas al Hospital Regional de Ciudad Serd\u00e1n para ser atendidas.<\/p>\n\n\n\n<p>Algunas de las personas heridas presentan raspaduras, principios de hipotermia y deshidrataci\u00f3n, por lo que ya reciben atenci\u00f3n m\u00e9dica. Sin embargo, los alpinitas rescatados detallaron que a\u00fan faltaban dos compa\u00f1eros en ser localizados, entre ellos el gu\u00eda.<\/p>\n\n\n\n<p>Por ello, los equipos de b\u00fasqueda y rescate contin\u00faan trabajando con \u201cun barrido en la cara sur\u201d, adem\u00e1s de que, de manera conjunta, trabaja con el Club Alpino M\u00e9xico, con 3 elementos.<\/p>\n\n\n\n<p>Seg\u00fan autoridades estatales, los alpinistas descendieron el pasado 17 de febrero por su propia cuenta por el lado de Atzitzintla, en el Pico de Orizaba, lo cual provoc\u00f3 que se perdieran por varias horas.<\/p>\n\n\n\n<p>A pesar de ser considerado un volc\u00e1n dormido y no presentar se\u00f1ales de actividad, el Citlalt\u00e9petl, ubicado en Puebla, s\u00ed representa un peligro para la poblaci\u00f3n que lo rodea y los alpinistas que buscan escalarlo, seg\u00fan especialistas.<\/p>\n\n\n\n<p>De acuerdo con Edwin Ulices Monfil Le\u00f3n, egresado de la Licenciatura en Geograf\u00eda de la Universidad Veracruzana, han ocurrido colapsos importantes en este lugar que no han estado asociados a eventos eruptivos: \u201ceso los hace realmente peligrosos porque no hay un aviso previo, de ah\u00ed que sea significativo tener conocimiento del peligro latente\u201d.<\/p>\n\n\n\n<p>El Pico de Orizaba es considerado un estratovolc\u00e1n, debido a que ha sido construido en diferentes etapas. Esto quiere decir, seg\u00fan el experto, que todos estos cuerpos rocosos enfrentan diversos procesos ante la presencia de glaciares, constantes nevadas, cambios bruscos de temperatura y oscilaciones marcadas en estos ambientes.<\/p>\n\n\n\n<p>(Informaci\u00f3n de \u201cEl Financiero\u201d)<\/p>\n","protected":false},"excerpt":{"rendered":"<p>Redacci\u00f3n\/Zona Roja Cdmx. Ciudad de M\u00e9xico, a 19 de febrero de 2024.- Jessica, quien desapareci\u00f3&hellip;<\/p>\n","protected":false},"author":2,"featured_media":65454,"comment_status":"closed","ping_status":"open","sticky":false,"template":"","format":"standard","meta":{"_lmt_disableupdate":"","_lmt_disable":"","_jetpack_memberships_contains_paid_content":false,"footnotes":""},"categories":[109,47],"tags":[],"class_list":["post-65452","post","type-post","status-publish","format-standard","has-post-thumbnail","hentry","category-minuto-a-minuto","category-zona-gris"],"jetpack_featured_media_url":"https:\/\/zonaroja.com.mx\/wp-content\/uploads\/2024\/02\/Desaparecidos-Pico-de-Orizaba.jpeg.webp","jetpack_sharing_enabled":true,"_links":{"self":[{"href":"https:\/\/zonaroja.com.mx\/index.php?rest_route=\/wp\/v2\/posts\/65452","targetHints":{"allow":["GET"]}}],"collection":[{"href":"https:\/\/zonaroja.com.mx\/index.php?rest_route=\/wp\/v2\/posts"}],"about":[{"href":"https:\/\/zonaroja.com.mx\/index.php?rest_route=\/wp\/v2\/types\/post"}],"author":[{"embeddable":true,"href":"https:\/\/zonaroja.com.mx\/index.php?rest_route=\/wp\/v2\/users\/2"}],"replies":[{"embeddable":true,"href":"https:\/\/zonaroja.com.mx\/index.php?rest_route=%2Fwp%2Fv2%2Fcomments&post=65452"}],"version-history":[{"count":1,"href":"https:\/\/zonaroja.com.mx\/index.php?rest_route=\/wp\/v2\/posts\/65452\/revisions"}],"predecessor-version":[{"id":65455,"href":"https:\/\/zonaroja.com.mx\/index.php?rest_route=\/wp\/v2\/posts\/65452\/revisions\/65455"}],"wp:featuredmedia":[{"embeddable":true,"href":"https:\/\/zonaroja.com.mx\/index.php?rest_route=\/wp\/v2\/media\/65454"}],"wp:attachment":[{"href":"https:\/\/zonaroja.com.mx\/index.php?rest_route=%2Fwp%2Fv2%2Fmedia&parent=65452"}],"wp:term":[{"taxonomy":"category","embeddable":true,"href":"https:\/\/zonaroja.com.mx\/index.php?rest_route=%2Fwp%2Fv2%2Fcategories&post=65452"},{"taxonomy":"post_tag","embeddable":true,"href":"https:\/\/zonaroja.com.mx\/index.php?rest_route=%2Fwp%2Fv2%2Ftags&post=65452"}],"curies":[{"name":"wp","href":"https:\/\/api.w.org\/{rel}","templated":true}]}}