{"id":65460,"date":"2024-02-19T21:29:04","date_gmt":"2024-02-20T03:29:04","guid":{"rendered":"http:\/\/www.zonaroja.com.mx\/?p=65460"},"modified":"2024-02-19T21:29:05","modified_gmt":"2024-02-20T03:29:05","slug":"tras-inconformidades-anuncia-jara-derogacion-de-articulo-sobre-programa-de-certeza-juridica-de-la-tierra","status":"publish","type":"post","link":"https:\/\/zonaroja.com.mx\/?p=65460","title":{"rendered":"Tras inconformidades, anuncia Jara derogaci\u00f3n de art\u00edculo sobre programa de certeza jur\u00eddica de la tierra"},"content":{"rendered":"\n<p>Yuridiana Sosa\/Zona Roja.<\/p>\n\n\n\n<p>Oaxaca de Ju\u00e1rez, Oax., 19 de febrero de 2024.- El gobernador de Oaxaca, Salom\u00f3n Jara Cruz, anunci\u00f3 la derogaci\u00f3n al art\u00edculo 25 de la Ley de Ingresos 2024, que establece el \u201cPrograma de Certeza Jur\u00eddica de la Tierra para la Seguridad y Bienestar del Patrimonio\u201d, el cual caus\u00f3 el temor de las comunidades sobre la privatizaci\u00f3n de la propiedad.&nbsp;<\/p>\n\n\n\n<p>Durante el \u201cPrimer Encuentro Estatal de \u00d3rganos de Representaci\u00f3n y Vigilancia de Ejidos y Comunidades\u201d, el mandatario dio a conocer su decisi\u00f3n en la que se\u00f1al\u00f3: \u201cNo buscamos (el gobierno) ni buscaremos debilitar esta organizaci\u00f3n social comunitaria tan rica, \u00fanica que hay en nuestro pa\u00eds, como son los comuneros y los ejidatarios\u201d.&nbsp;<\/p>\n\n\n\n<p>En la reuni\u00f3n con los ejidatarios y comuneros, manifest\u00f3 su respeto irrenunciable por la propiedad social y los derechos agrarios de nuestros ejidos.&nbsp;<\/p>\n\n\n\n<p>\u201cLo voy a decir con todas sus letras, con toda claridad, fuerte,&nbsp; para que se oiga lejos\u2026 para resolver de manera definitiva la controversia generada por los incentivos fiscales establecidos en la Ley de Ingresos para el Programa de&nbsp;<br>Certeza Jur\u00eddica de la Tierra para la Seguridad del patrimonio, quiero decirles que atendiendo una leg\u00edtima preocupaci\u00f3n vamos a derogar el Art\u00edculo 25 de la Ley de Ingresos\u201d, manifest\u00f3 el gobernador.<\/p>\n\n\n\n<p>En ese sentido, indic\u00f3 que el gobierno va a eliminar la referencia a los incentivos fiscales, por lo cual todo seguir\u00e1 operando como se ven\u00eda haciendo en la ley de ingresos anterior.<\/p>\n\n\n\n<p>Jara Cruz resalt\u00f3 que no podr\u00eda privatizar la tierra, primero porque no cuenta con esas facultades y en segundo motivo por convicci\u00f3n, \u201cpor mi cultura y porque mi origen es de un pueblo originario, estar\u00e9 siempre en defensa de las tierras y de la propiedad social. No pod\u00eda yo hacer esto, nunca lo puedo hacer, ni lo voy a hacer, ni lo permitir\u00e9\u201d.&nbsp;<\/p>\n\n\n\n<p>Es as\u00ed que subray\u00f3 que su gobierno es congruente y respetuoso con el marco legal, y apegado a la pol\u00edtica p\u00fablica de conciliaci\u00f3n agraria como cimiento de la paz entre los municipios y las comunidades. &nbsp;<\/p>\n\n\n\n<p>El mandatario lament\u00f3 que la desinformaci\u00f3n, malintencionada, haya generado la inconformidad de los pueblos.<\/p>\n\n\n\n<p>INCONFORMIDAD<\/p>\n\n\n\n<p>Tras darse a conocer la Ley de Ingresos 2024, donde se contemplaba &nbsp;aplicar est\u00edmulo fiscal o descuento en tr\u00e1mites por conceptos catastrales y registrales para quienes obtengan el dominio pleno, lo equivalente a la propiedad privada, decenas de comunidades se manifestaron.<\/p>\n\n\n\n<p>Los comuneros y ejidatarios se\u00f1alaron que el gobierno de Oaxaca violaba el art\u00edculo 27 constitucional que se\u00f1ala que los bienes comunales son inembargables, imprescriptibles e inalienables, y que la m\u00e1xima autoridad en los ejidos y comunidades es la Asamblea Ejidal.&nbsp;<\/p>\n\n\n\n<p>Pese a las aclaraciones de las autoridades sobre este programa, el cual ya funciona desde el 2018, surgieron diversas inconformidades, como la de 36 Ejidatarios y comuneros de la Sierra Ju\u00e1rez agrupadas en la Uni\u00f3n de Comunidades de la Sierra Ju\u00e1rez (Ucosij).<\/p>\n\n\n\n<p>Las comunidades exigieron la derogaci\u00f3n del art\u00edculo 25 de la Ley de Ingresos.<\/p>\n","protected":false},"excerpt":{"rendered":"<p>Yuridiana Sosa\/Zona Roja. Oaxaca de Ju\u00e1rez, Oax., 19 de febrero de 2024.- El gobernador de&hellip;<\/p>\n","protected":false},"author":2,"featured_media":65453,"comment_status":"closed","ping_status":"open","sticky":false,"template":"","format":"standard","meta":{"_lmt_disableupdate":"","_lmt_disable":"","_jetpack_memberships_contains_paid_content":false,"footnotes":""},"categories":[109,46],"tags":[],"class_list":["post-65460","post","type-post","status-publish","format-standard","has-post-thumbnail","hentry","category-minuto-a-minuto","category-zona-blanca"],"jetpack_featured_media_url":"https:\/\/zonaroja.com.mx\/wp-content\/uploads\/2024\/02\/Salomon-Jara-reunion-ejidatarios-y-comuneros.jpeg","jetpack_sharing_enabled":true,"_links":{"self":[{"href":"https:\/\/zonaroja.com.mx\/index.php?rest_route=\/wp\/v2\/posts\/65460","targetHints":{"allow":["GET"]}}],"collection":[{"href":"https:\/\/zonaroja.com.mx\/index.php?rest_route=\/wp\/v2\/posts"}],"about":[{"href":"https:\/\/zonaroja.com.mx\/index.php?rest_route=\/wp\/v2\/types\/post"}],"author":[{"embeddable":true,"href":"https:\/\/zonaroja.com.mx\/index.php?rest_route=\/wp\/v2\/users\/2"}],"replies":[{"embeddable":true,"href":"https:\/\/zonaroja.com.mx\/index.php?rest_route=%2Fwp%2Fv2%2Fcomments&post=65460"}],"version-history":[{"count":1,"href":"https:\/\/zonaroja.com.mx\/index.php?rest_route=\/wp\/v2\/posts\/65460\/revisions"}],"predecessor-version":[{"id":65461,"href":"https:\/\/zonaroja.com.mx\/index.php?rest_route=\/wp\/v2\/posts\/65460\/revisions\/65461"}],"wp:featuredmedia":[{"embeddable":true,"href":"https:\/\/zonaroja.com.mx\/index.php?rest_route=\/wp\/v2\/media\/65453"}],"wp:attachment":[{"href":"https:\/\/zonaroja.com.mx\/index.php?rest_route=%2Fwp%2Fv2%2Fmedia&parent=65460"}],"wp:term":[{"taxonomy":"category","embeddable":true,"href":"https:\/\/zonaroja.com.mx\/index.php?rest_route=%2Fwp%2Fv2%2Fcategories&post=65460"},{"taxonomy":"post_tag","embeddable":true,"href":"https:\/\/zonaroja.com.mx\/index.php?rest_route=%2Fwp%2Fv2%2Ftags&post=65460"}],"curies":[{"name":"wp","href":"https:\/\/api.w.org\/{rel}","templated":true}]}}