{"id":65462,"date":"2024-02-20T07:20:00","date_gmt":"2024-02-20T13:20:00","guid":{"rendered":"http:\/\/www.zonaroja.com.mx\/?p=65462"},"modified":"2024-02-20T06:26:47","modified_gmt":"2024-02-20T12:26:47","slug":"decomisan-en-ecuador-6-toneladas-de-cocaina-que-iban-con-destino-a-mexico","status":"publish","type":"post","link":"https:\/\/zonaroja.com.mx\/?p=65462","title":{"rendered":"Decomisan en Ecuador 6 toneladas de coca\u00edna que iban con destino a M\u00e9xico"},"content":{"rendered":"\n<p>Redacci\u00f3n\/Zona Roja Cdmx.<\/p>\n\n\n\n<p>Ciudad de M\u00e9xico, a 20 de febrero de 2024.- Autoridades ecuatorianas decomisaron seis toneladas de coca\u00edna con destino a Ensenada, M\u00e9xico, desde Guayaquil, detalla informaci\u00f3n de la agencia \u201cProceso\u201d.<\/p>\n\n\n\n<p>De acuerdo con la Polic\u00eda Nacional del Ecuador, la coca\u00edna se encontraba en un contenedor con polietileno de alta densidad, el cual iba a ser exportado desde uno de los puertos mar\u00edtimos de Guayaquil.<\/p>\n\n\n\n<p>La informaci\u00f3n detalla que la operaci\u00f3n denominada \u2018Triste Amanecer\u2019 fue desplegada el 18 de febrero de 2024, en uno de los puertos mar\u00edtimos, luego de la perfilaci\u00f3n de un contenedor que conten\u00eda como producto de exportaci\u00f3n polietileno de alta densidad.<\/p>\n\n\n\n<p>\u201cEste fue sometido a una inspecci\u00f3n intrusiva total, en donde uno de los canes dio una alerta positiva de posible contaminaci\u00f3n de varios sacos pl\u00e1sticos de color blanco, que se encontraban entre la carga\u201d, detalla el comunicado de las autoridades.<\/p>\n\n\n\n<p>En un video en la red X (Twitter) se mostraron im\u00e1genes de la operaci\u00f3n.<\/p>\n\n\n\n<p>Seg\u00fan la polic\u00eda, se contabilizaron seis mil 101 paquetes con una sustancia blanca; al ser sometida a pruebas, esta dio positivo para clorhidrato de coca\u00edna. De acuerdo con la informaci\u00f3n de \u201cProceso\u201d, en total, la carga era de seis toneladas, 70 kilos y 495 gramos de droga.<\/p>\n\n\n\n<p>Seg\u00fan el bolet\u00edn que dieron a conocer las autoridades, se aprehendi\u00f3 a dos ciudadanos ecuatorianos: Marcos Luis B. y Franklin Ra\u00fal Y.<\/p>\n\n\n\n<p>\u201cUno de ellos es el representante legal de la empresa exportadora, en presencia de quien se realiz\u00f3 la inspecci\u00f3n, el cual, inform\u00f3 a las autoridades del orden que, hab\u00eda sido previamente contratado por un segundo ciudadano para fungir como representante de la empresa, mientras se realizaba la verificaci\u00f3n\u201d.<\/p>\n\n\n\n<p>Franklin tambi\u00e9n registra varias detenciones por falsificaci\u00f3n de documentos, utilizaci\u00f3n dolosa de documentos falsos, falsificaci\u00f3n de firmas, utilizaci\u00f3n dolosa de documentos, seg\u00fan dio a conocer la polic\u00eda.<\/p>\n\n\n\n<p>A trav\u00e9s de esta operaci\u00f3n se impidi\u00f3 el env\u00edo de 60 millones 704 mil 850 dosis, concluye el comunicado.<\/p>\n","protected":false},"excerpt":{"rendered":"<p>Redacci\u00f3n\/Zona Roja Cdmx. Ciudad de M\u00e9xico, a 20 de febrero de 2024.- Autoridades ecuatorianas decomisaron&hellip;<\/p>\n","protected":false},"author":2,"featured_media":65463,"comment_status":"closed","ping_status":"open","sticky":false,"template":"","format":"standard","meta":{"_lmt_disableupdate":"","_lmt_disable":"","_jetpack_memberships_contains_paid_content":false,"footnotes":""},"categories":[109,46],"tags":[],"class_list":["post-65462","post","type-post","status-publish","format-standard","has-post-thumbnail","hentry","category-minuto-a-minuto","category-zona-blanca"],"jetpack_featured_media_url":"https:\/\/zonaroja.com.mx\/wp-content\/uploads\/2024\/02\/Cocaina-Ecuador-Mexico.jpeg","jetpack_sharing_enabled":true,"_links":{"self":[{"href":"https:\/\/zonaroja.com.mx\/index.php?rest_route=\/wp\/v2\/posts\/65462","targetHints":{"allow":["GET"]}}],"collection":[{"href":"https:\/\/zonaroja.com.mx\/index.php?rest_route=\/wp\/v2\/posts"}],"about":[{"href":"https:\/\/zonaroja.com.mx\/index.php?rest_route=\/wp\/v2\/types\/post"}],"author":[{"embeddable":true,"href":"https:\/\/zonaroja.com.mx\/index.php?rest_route=\/wp\/v2\/users\/2"}],"replies":[{"embeddable":true,"href":"https:\/\/zonaroja.com.mx\/index.php?rest_route=%2Fwp%2Fv2%2Fcomments&post=65462"}],"version-history":[{"count":1,"href":"https:\/\/zonaroja.com.mx\/index.php?rest_route=\/wp\/v2\/posts\/65462\/revisions"}],"predecessor-version":[{"id":65464,"href":"https:\/\/zonaroja.com.mx\/index.php?rest_route=\/wp\/v2\/posts\/65462\/revisions\/65464"}],"wp:featuredmedia":[{"embeddable":true,"href":"https:\/\/zonaroja.com.mx\/index.php?rest_route=\/wp\/v2\/media\/65463"}],"wp:attachment":[{"href":"https:\/\/zonaroja.com.mx\/index.php?rest_route=%2Fwp%2Fv2%2Fmedia&parent=65462"}],"wp:term":[{"taxonomy":"category","embeddable":true,"href":"https:\/\/zonaroja.com.mx\/index.php?rest_route=%2Fwp%2Fv2%2Fcategories&post=65462"},{"taxonomy":"post_tag","embeddable":true,"href":"https:\/\/zonaroja.com.mx\/index.php?rest_route=%2Fwp%2Fv2%2Ftags&post=65462"}],"curies":[{"name":"wp","href":"https:\/\/api.w.org\/{rel}","templated":true}]}}