{"id":65465,"date":"2024-02-20T08:26:00","date_gmt":"2024-02-20T14:26:00","guid":{"rendered":"http:\/\/www.zonaroja.com.mx\/?p=65465"},"modified":"2024-02-20T07:13:13","modified_gmt":"2024-02-20T13:13:13","slug":"aprueba-el-ieepco-informes-de-las-consultas-para-las-elecciones-2024","status":"publish","type":"post","link":"https:\/\/zonaroja.com.mx\/?p=65465","title":{"rendered":"Aprueba el IEEPCO informes de las consultas para las elecciones 2024"},"content":{"rendered":"\n<p>Redacci\u00f3n\/Zona Roja.<\/p>\n\n\n\n<p>Oaxaca de Ju\u00e1rez, Oax.,a 20 de febrero de 2024.- En sesi\u00f3n extraordinaria de ayer, el Consejo General del Instituto Estatal Electoral y de Participaci\u00f3n Ciudadana de Oaxaca (IEEPCO), aprob\u00f3 los informes derivados de la consulta previa, libre, informada, de buena fe, a personas con discapacidad; as\u00ed como la consulta, previa, libre, informada, de buena fe y culturalmente adecuada a los pueblos y comunidades ind\u00edgenas y afromexicanas.<\/p>\n\n\n\n<p>Lo anterior para determinar los lineamientos que ser\u00e1n aplicables en la postulaci\u00f3n de candidaturas a cargos de elecci\u00f3n popular en materia de acciones afirmativas para el Proceso Electoral Local Ordinario 2023-2024, en cumplimiento a la sentencia dictada por la Sala Regional Xalapa del Tribunal Electoral del Poder Judicial de la Federaci\u00f3n.<\/p>\n\n\n\n<p>En la consulta a personas con discapacidad participaron 145 personas: 54 mujeres, 78 hombres y 13 personas que no reportaron el g\u00e9nero al que pertenecen; de ese universo 37 se auto adscribieron como ind\u00edgenas y 3 como afromexicana.<\/p>\n\n\n\n<p>En cuanto al tipo de discapacidad: 13 con discapacidad auditiva, 19 discapacidad visual, 73 con discapacidad motriz, 1 con discapacidad m\u00faltiple, 8 discapacidad intelectual y 31 no reportaron el tipo de discapacidad que presentaba.<\/p>\n\n\n\n<p>En lo que respecta a la consulta ind\u00edgena, se realiz\u00f3 un total diecinueve subsedes distribuidas en ocho foros regionales.&nbsp;<\/p>\n\n\n\n<p>De acuerdo al n\u00famero de participantes de autoridades comunitarias y municipales en las diecinueve subsedes distribuidas en ocho foros regionales, las lenguas que tuvieron mayor presencia fueron: 50% hablantes de la lengua Zapoteca, 34% hablantes de la lengua Mixteco y 8.2 % Mazateco.<\/p>\n\n\n\n<p>En las diecinueve subsedes distribuidas en ocho foros regionales de consulta, participaron un total de 425 autoridades ind\u00edgenas, de las cu\u00e1les fueron 147 Mujeres y 278 Hombres. En las diecinueve subsedes distribuidas en ocho foros regionales de consulta participaron un total de 31 autoridades afromexicanas, de las cu\u00e1les fueron 10 mujeres y 21 hombres.<\/p>\n\n\n\n<p>En la sesi\u00f3n estuvieron presentes: Edgar Cruz Luj\u00e1n, director del Centro de Rehabilitaci\u00f3n para Ciegos y D\u00e9biles Visuales de Oaxaca; Lii Yio P\u00e9rez Z\u00e1rate, presidenta de Justicia Accesible A.C.; Mario P\u00e9rez Mart\u00ednez, presidente de la Fundaci\u00f3n Coraz\u00f3n Down; Mar\u00eda Isabel Espinoza L\u00f3pez, vicepresidenta de la Asociaci\u00f3n de Sordos del Estado de Oaxaca A.C.; Juan Ignacio Bilbao V\u00e1zquez, experto en derecho electoral, consulta estrecha y derechos de personas con discapacidad, y Ricardo Emmanuel Ortiz Carre\u00f3n, representante de la Red Nacional de Ciegos M\u00e9xico. A.C.<\/p>\n","protected":false},"excerpt":{"rendered":"<p>Redacci\u00f3n\/Zona Roja. Oaxaca de Ju\u00e1rez, Oax.,a 20 de febrero de 2024.- En sesi\u00f3n extraordinaria de&hellip;<\/p>\n","protected":false},"author":2,"featured_media":64698,"comment_status":"closed","ping_status":"open","sticky":false,"template":"","format":"standard","meta":{"_lmt_disableupdate":"","_lmt_disable":"","_jetpack_memberships_contains_paid_content":false,"footnotes":""},"categories":[109,46],"tags":[2932],"class_list":["post-65465","post","type-post","status-publish","format-standard","has-post-thumbnail","hentry","category-minuto-a-minuto","category-zona-blanca","tag-instituto-estatal-electoral-y-de-participacion-ciudadana-de-oaxaca-ieepco"],"jetpack_featured_media_url":"https:\/\/zonaroja.com.mx\/wp-content\/uploads\/2024\/01\/Discapacitados-consulta-IEEPCO.jpeg","jetpack_sharing_enabled":true,"_links":{"self":[{"href":"https:\/\/zonaroja.com.mx\/index.php?rest_route=\/wp\/v2\/posts\/65465","targetHints":{"allow":["GET"]}}],"collection":[{"href":"https:\/\/zonaroja.com.mx\/index.php?rest_route=\/wp\/v2\/posts"}],"about":[{"href":"https:\/\/zonaroja.com.mx\/index.php?rest_route=\/wp\/v2\/types\/post"}],"author":[{"embeddable":true,"href":"https:\/\/zonaroja.com.mx\/index.php?rest_route=\/wp\/v2\/users\/2"}],"replies":[{"embeddable":true,"href":"https:\/\/zonaroja.com.mx\/index.php?rest_route=%2Fwp%2Fv2%2Fcomments&post=65465"}],"version-history":[{"count":1,"href":"https:\/\/zonaroja.com.mx\/index.php?rest_route=\/wp\/v2\/posts\/65465\/revisions"}],"predecessor-version":[{"id":65466,"href":"https:\/\/zonaroja.com.mx\/index.php?rest_route=\/wp\/v2\/posts\/65465\/revisions\/65466"}],"wp:featuredmedia":[{"embeddable":true,"href":"https:\/\/zonaroja.com.mx\/index.php?rest_route=\/wp\/v2\/media\/64698"}],"wp:attachment":[{"href":"https:\/\/zonaroja.com.mx\/index.php?rest_route=%2Fwp%2Fv2%2Fmedia&parent=65465"}],"wp:term":[{"taxonomy":"category","embeddable":true,"href":"https:\/\/zonaroja.com.mx\/index.php?rest_route=%2Fwp%2Fv2%2Fcategories&post=65465"},{"taxonomy":"post_tag","embeddable":true,"href":"https:\/\/zonaroja.com.mx\/index.php?rest_route=%2Fwp%2Fv2%2Ftags&post=65465"}],"curies":[{"name":"wp","href":"https:\/\/api.w.org\/{rel}","templated":true}]}}