{"id":65467,"date":"2024-02-20T07:38:38","date_gmt":"2024-02-20T13:38:38","guid":{"rendered":"http:\/\/www.zonaroja.com.mx\/?p=65467"},"modified":"2024-02-20T07:38:42","modified_gmt":"2024-02-20T13:38:42","slug":"disminuye-seccion-22-numero-de-bloqueos-tras-anuncio-de-gobierno","status":"publish","type":"post","link":"https:\/\/zonaroja.com.mx\/?p=65467","title":{"rendered":"Disminuye Secci\u00f3n 22 n\u00famero de bloqueos, tras anuncio de gobierno"},"content":{"rendered":"\n<p>Ismael Garc\u00eda M.\/Zona Roja.<\/p>\n\n\n\n<p>Oaxaca de Ju\u00e1rez, Oax., a 20 de febrero de 2023.- Afiliados a la Secci\u00f3n 22 del Sindicato Nacional de Trabajadores de la Educaci\u00f3n (SNTE) iniciaron este martes un paro de labores en perjuicio de m\u00e1s de 13 mil alumnos, para dar cobertura a una reuni\u00f3n en la Ciudad de M\u00e9xico.<\/p>\n\n\n\n<p>Sin embargo, luego del anuncio que hizo la Secretar\u00eda de Gobierno de Oaxaca (Sego), la gremial que encabeza Yenny Aracely P\u00e9rez Mart\u00ednez, confirm\u00f3 la disminuci\u00f3n de bloqueos en la regi\u00f3n Valles Centrales y particularmente en la capital del estado.<\/p>\n\n\n\n<p>Es as\u00ed que este d\u00eda cierran vialidades \u00fanicamente en el cruce de la carretera Internacional Oaxaca-Istmo con la v\u00eda al pante\u00f3n Jard\u00edn, antigua sede del IEEPO, jurisdicci\u00f3n de Santa Luc\u00eda del Camino.<\/p>\n\n\n\n<p>Tambi\u00e9n del lado oriente de la capital, carretera Oaxaca-Istmo, a la altura de la planta de almacenamiento de Pemex, jurisdicci\u00f3n de Santa Maria El Tule.<\/p>\n\n\n\n<p>Asimismo, por la zona sur, crucero de la carretera Oaxaca-Puerto \u00c1ngel con acceso al Aeropuerto Internacional, jurisdicci\u00f3n de San Agust\u00edn de las Juntas.<\/p>\n\n\n\n<p>Mientras que por la parte poniente, cruce de la carretera Oaxaca-M\u00e9xico con acceso a Trinidad de Viguera y caseta de peaje Huitzo, de la supercarretera Oaxaca-Cuacnopalan.<\/p>\n\n\n\n<p>Seg\u00fan la primera convocatoria, firmada por la representante regional Valles Centrales de la Secci\u00f3n 22 del SNTE, Mar\u00eda C. Z\u00e1rate Mart\u00ednez, tambi\u00e9n se preve\u00eda bloquear al menos tres puntos de la calzada H\u00e9roes de Chapultepec de la ciudad de Oaxaca, as\u00ed como la avenida Ju\u00e1rez, a la altura de la antigua Casa Oficial.<\/p>\n\n\n\n<p>En la regi\u00f3n Costa, habr\u00e1 cierre de vialidades en Puerto Escondido, Pinotepa Nacional y San Pedro Pochutla, adem\u00e1s de Putla Villa de Guerrero.<\/p>\n\n\n\n<p>Mientras que en el Istmo, en carreteras de Salina Cruz, Tehuantepec, Juchit\u00e1n, Ciudad Ixtepec, Mat\u00edas Romero y Reforma de Pineda.<\/p>\n\n\n\n<p>Mientras que en la Cuenca, San Juan Bautista Tuxtepec, Loma Bonita y Mar\u00eda Lombardo; la regi\u00f3n Sierra \u201ctomar\u00e1\u201d la caseta Mitla de la supercarretera Oaxaca-Istmo.<\/p>\n\n\n\n<p>En la Mixteca, la caseta de peaje Coixtlahuaca de la v\u00eda r\u00e1pida a M\u00e9xico y en la Ca\u00f1ada, diversos puntos de Teotitl\u00e1n de Flores Mag\u00f3n, San Juan Bautista Cuicatl\u00e1n y Huautla de Jim\u00e9nez.<\/p>\n\n\n\n<p>Los bloqueos se prev\u00e9 que duren todo el d\u00eda, mientras se realiza en la Ciudad de M\u00e9xico, la reuni\u00f3n de la comisi\u00f3n pol\u00edtica de la Secci\u00f3n 22 con el gobierno federal y el estatal.<\/p>\n","protected":false},"excerpt":{"rendered":"<p>Ismael Garc\u00eda M.\/Zona Roja. Oaxaca de Ju\u00e1rez, Oax., a 20 de febrero de 2023.- Afiliados&hellip;<\/p>\n","protected":false},"author":2,"featured_media":65469,"comment_status":"closed","ping_status":"open","sticky":false,"template":"","format":"standard","meta":{"_lmt_disableupdate":"","_lmt_disable":"","_jetpack_memberships_contains_paid_content":false,"footnotes":""},"categories":[109,47],"tags":[312],"class_list":["post-65467","post","type-post","status-publish","format-standard","has-post-thumbnail","hentry","category-minuto-a-minuto","category-zona-gris","tag-seccion-22-del-snte"],"jetpack_featured_media_url":"https:\/\/zonaroja.com.mx\/wp-content\/uploads\/2024\/02\/Bloqueos-Seccion-22-SNTE.jpg","jetpack_sharing_enabled":true,"_links":{"self":[{"href":"https:\/\/zonaroja.com.mx\/index.php?rest_route=\/wp\/v2\/posts\/65467","targetHints":{"allow":["GET"]}}],"collection":[{"href":"https:\/\/zonaroja.com.mx\/index.php?rest_route=\/wp\/v2\/posts"}],"about":[{"href":"https:\/\/zonaroja.com.mx\/index.php?rest_route=\/wp\/v2\/types\/post"}],"author":[{"embeddable":true,"href":"https:\/\/zonaroja.com.mx\/index.php?rest_route=\/wp\/v2\/users\/2"}],"replies":[{"embeddable":true,"href":"https:\/\/zonaroja.com.mx\/index.php?rest_route=%2Fwp%2Fv2%2Fcomments&post=65467"}],"version-history":[{"count":1,"href":"https:\/\/zonaroja.com.mx\/index.php?rest_route=\/wp\/v2\/posts\/65467\/revisions"}],"predecessor-version":[{"id":65470,"href":"https:\/\/zonaroja.com.mx\/index.php?rest_route=\/wp\/v2\/posts\/65467\/revisions\/65470"}],"wp:featuredmedia":[{"embeddable":true,"href":"https:\/\/zonaroja.com.mx\/index.php?rest_route=\/wp\/v2\/media\/65469"}],"wp:attachment":[{"href":"https:\/\/zonaroja.com.mx\/index.php?rest_route=%2Fwp%2Fv2%2Fmedia&parent=65467"}],"wp:term":[{"taxonomy":"category","embeddable":true,"href":"https:\/\/zonaroja.com.mx\/index.php?rest_route=%2Fwp%2Fv2%2Fcategories&post=65467"},{"taxonomy":"post_tag","embeddable":true,"href":"https:\/\/zonaroja.com.mx\/index.php?rest_route=%2Fwp%2Fv2%2Ftags&post=65467"}],"curies":[{"name":"wp","href":"https:\/\/api.w.org\/{rel}","templated":true}]}}