{"id":65471,"date":"2024-02-20T10:30:00","date_gmt":"2024-02-20T16:30:00","guid":{"rendered":"http:\/\/www.zonaroja.com.mx\/?p=65471"},"modified":"2024-02-20T07:44:47","modified_gmt":"2024-02-20T13:44:47","slug":"asesinan-en-sonora-a-tres-migrantes-dos-mujeres-y-un-menor","status":"publish","type":"post","link":"https:\/\/zonaroja.com.mx\/?p=65471","title":{"rendered":"Asesinan en Sonora a tres migrantes: dos mujeres y un menor"},"content":{"rendered":"\n<p>Redacci\u00f3n\/Zona Roja Cdmx.<\/p>\n\n\n\n<p>Ciudad de M\u00e9xico, a 20 de febrero de 2024.- El fiscal general de Justicia Estatal de Sonora, Gustavo Salas Ch\u00e1vez, confirm\u00f3 la muerte de un ni\u00f1o ecuatoriano de cuatro a\u00f1os y dos mujeres, una de nacionalidad peruana y otra hondure\u00f1a, tras un ataque armado de sicarios contra un grupo de migrantes que se dirig\u00edan a la frontera con Estados Unidos.<\/p>\n\n\n\n<p>En declaraciones a periodistas, Salas neg\u00f3 las informaciones que hab\u00edan se\u00f1alado en un inicio que la cifra de fallecidos habr\u00eda sido de 50.<\/p>\n\n\n\n<p>\u201cNo existi\u00f3 jam\u00e1s ese n\u00famero de personas, ni siquiera que hubieran transitado por la zona en ese momento. Lamentablemente, s\u00ed tenemos que confirmar la noticia del deceso de tres personas, un menor y dos mujeres\u201d, reconoci\u00f3 el fiscal de Justicia en Sonora.<\/p>\n\n\n\n<p>Los hechos ocurrieron en la noche del pasado 15 de febrero cuando varias camionetas salieron del poblado de La Reforma con rumbo a la l\u00ednea internacional para que decenas de migrantes suramericanos cruzaran de manera irregular hacia los Estados Unidos.<\/p>\n\n\n\n<p>Salas indic\u00f3 que las investigaciones preliminares han establecido que tres veh\u00edculos, con entre 11 y 14 migrantes cada uno, fueron atacados por sujetos fuertemente armados.<\/p>\n\n\n\n<p>Por el momento, afirm\u00f3 el fiscal, el Ej\u00e9rcito mexicano ha detenido a ocho personas con armas de grueso calibre, que est\u00e1n siendo investigadas por su probable participaci\u00f3n en el ataque a los migrantes.<\/p>\n\n\n\n<p>El ataque armado ocurrido se produjo en el camino entre los municipios de Altar y S\u00e1ric, a 50 kil\u00f3metros de la frontera estadounidense, en una ruta utilizada para llevar a personas y familias indocumentadas a trav\u00e9s del desierto hacia Arizona (Estados Unidos).<\/p>\n\n\n\n<p>La noticia no se conoci\u00f3 hasta tres d\u00edas despu\u00e9s cuando el despacho de abogados 1800 Migrantes, con sede en Nueva York, inform\u00f3 la tarde del domingo que de acuerdo con la versi\u00f3n de dos testigos hab\u00eda m\u00e1s de 50 migrantes entre las v\u00edctimas.<\/p>\n\n\n\n<p>EN JALISCO<\/p>\n\n\n\n<p>Ayer se confirm\u00f3 que el n\u00famero de v\u00edctimas mortales que dej\u00f3 un ataque perpetrado por gatilleros contra un grupo de j\u00f3venes en Tlaquepaque, Jalisco, subi\u00f3 a siete. Esto, luego de que un adolescente de 15 a\u00f1os lesionado falleci\u00f3 en la madrugada en un hospital.<\/p>\n\n\n\n<p>La autoridad estatal inform\u00f3 que se trata de una agresi\u00f3n directa y se indaga tambi\u00e9n la posible versi\u00f3n de que hayan tenido alg\u00fan conflicto en alg\u00fan bar en el que estuvieron conviviendo, pero hasta el momento no est\u00e1 confirmada alguna pelea o ri\u00f1a con otro grupo, por lo que la versi\u00f3n que se mantiene es la de una agresi\u00f3n directa\u201d.<\/p>\n\n\n\n<p>La ma\u00f1ana del domingo, cuando los j\u00f3venes de entre 14 y 23 a\u00f1os de edad se encontraban en la esquina de la calle Santiago Linier, en la colonia Francisco I. Madero, de dicho municipio jalisciense cuando fueron atacados a balazos.<\/p>\n\n\n\n<p>En el lugar, fallecieron dos mujeres y cuatro hombres, de entre 14 y 23 a\u00f1os.<\/p>\n\n\n\n<p>El ataque hab\u00eda dejado dos adolescentes lesionados, uno de ellos es quien falleci\u00f3 ayer, por lo que la cifra se increment\u00f3 a siete muertos, cinco de ellos&nbsp; menores.<\/p>\n\n\n\n<p>La jovencita de 14 a\u00f1os que result\u00f3 lesionada en el ataque ha dado versiones muy preliminares por las lesiones que presenta.<\/p>\n\n\n\n<p>Cabe destacar que en el mismo municipio de Tlaquepaque, el pasado 4 de febrero, en una finca se encontraron los cuerpos de tres hombres sin vida y con impactos de bala;&nbsp; el lugar se encontraba en llamas.<\/p>\n\n\n\n<p>Posteriormente, en la colonia Vistas del Cuarto, fueron encontrados tres hombres muertos.<\/p>\n\n\n\n<p>(Informaci\u00f3n de la agencia EFE y de \u201cExc\u00e9lsior\u201d)<\/p>\n","protected":false},"excerpt":{"rendered":"<p>Redacci\u00f3n\/Zona Roja Cdmx. Ciudad de M\u00e9xico, a 20 de febrero de 2024.- El fiscal general&hellip;<\/p>\n","protected":false},"author":2,"featured_media":54456,"comment_status":"closed","ping_status":"open","sticky":false,"template":"","format":"standard","meta":{"_lmt_disableupdate":"","_lmt_disable":"","_jetpack_memberships_contains_paid_content":false,"footnotes":""},"categories":[109,51],"tags":[1746],"class_list":["post-65471","post","type-post","status-publish","format-standard","has-post-thumbnail","hentry","category-minuto-a-minuto","category-zona-roja","tag-violencia-en-mexico"],"jetpack_featured_media_url":"https:\/\/zonaroja.com.mx\/wp-content\/uploads\/2023\/04\/Escena-crimen-homicidio-violencia-asesinato.webp","jetpack_sharing_enabled":true,"_links":{"self":[{"href":"https:\/\/zonaroja.com.mx\/index.php?rest_route=\/wp\/v2\/posts\/65471","targetHints":{"allow":["GET"]}}],"collection":[{"href":"https:\/\/zonaroja.com.mx\/index.php?rest_route=\/wp\/v2\/posts"}],"about":[{"href":"https:\/\/zonaroja.com.mx\/index.php?rest_route=\/wp\/v2\/types\/post"}],"author":[{"embeddable":true,"href":"https:\/\/zonaroja.com.mx\/index.php?rest_route=\/wp\/v2\/users\/2"}],"replies":[{"embeddable":true,"href":"https:\/\/zonaroja.com.mx\/index.php?rest_route=%2Fwp%2Fv2%2Fcomments&post=65471"}],"version-history":[{"count":1,"href":"https:\/\/zonaroja.com.mx\/index.php?rest_route=\/wp\/v2\/posts\/65471\/revisions"}],"predecessor-version":[{"id":65472,"href":"https:\/\/zonaroja.com.mx\/index.php?rest_route=\/wp\/v2\/posts\/65471\/revisions\/65472"}],"wp:featuredmedia":[{"embeddable":true,"href":"https:\/\/zonaroja.com.mx\/index.php?rest_route=\/wp\/v2\/media\/54456"}],"wp:attachment":[{"href":"https:\/\/zonaroja.com.mx\/index.php?rest_route=%2Fwp%2Fv2%2Fmedia&parent=65471"}],"wp:term":[{"taxonomy":"category","embeddable":true,"href":"https:\/\/zonaroja.com.mx\/index.php?rest_route=%2Fwp%2Fv2%2Fcategories&post=65471"},{"taxonomy":"post_tag","embeddable":true,"href":"https:\/\/zonaroja.com.mx\/index.php?rest_route=%2Fwp%2Fv2%2Ftags&post=65471"}],"curies":[{"name":"wp","href":"https:\/\/api.w.org\/{rel}","templated":true}]}}