{"id":65473,"date":"2024-02-20T11:30:00","date_gmt":"2024-02-20T17:30:00","guid":{"rendered":"http:\/\/www.zonaroja.com.mx\/?p=65473"},"modified":"2024-02-20T07:49:27","modified_gmt":"2024-02-20T13:49:27","slug":"inicia-fiscalia-de-oaxaca-formacion-en-en-procuracion-de-justicia-en-clave-intercultural","status":"publish","type":"post","link":"https:\/\/zonaroja.com.mx\/?p=65473","title":{"rendered":"Inicia Fiscal\u00eda de Oaxaca formaci\u00f3n en en Procuraci\u00f3n de Justicia en Clave Intercultural"},"content":{"rendered":"\n<p>Redacci\u00f3n\/Zona Roja.<\/p>\n\n\n\n<p>Oaxaca de Ju\u00e1rez, Oax., a 20 de febrero de 2024.- \u201cExiste una deuda hist\u00f3rica con los pueblos y comunidades ind\u00edgenas, por ello, debemos concebir que existen otras realidades y visiones de entender la justicia. Para ello, es importante dialogar y generar procesos que respeten los saberes que existen al interior del estado\u201d.<\/p>\n\n\n\n<p>Ello lo puntualiz\u00f3 el titular de la Fiscal\u00eda General del Estado de Oaxaca (FGEO), Bernardo Rodr\u00edguez Alamilla, durante la inauguraci\u00f3n del proceso formativo \u201cProcuraci\u00f3n de Justicia en Clave Intercultural: Pluralismo Jur\u00eddico e Instrumentos Internacionales para Respetar, Proteger y Garantizar los Derechos de los Pueblos Ind\u00edgenas y Afrodescendientes de Oaxaca\u201d.<\/p>\n\n\n\n<p>En compa\u00f1\u00eda de Tom\u00e1s L\u00f3pez Sarabia y Maribel Gonz\u00e1lez Guerrero, presidente y la coordinadora de recursos humanos del Centro Profesional Ind\u00edgena de Asesor\u00eda, Defensa y Traducci\u00f3n, A.C., respectivamente; la fiscal Especializada en Delitos de Trascendencia Social, Jessica Jeanine Rodr\u00edguez Robles, y del director del Instituto de Formaci\u00f3n y Capacitaci\u00f3n, Juan Pablo Morales Garc\u00eda; el fiscal General sostuvo que uno de los grandes retos que enfrentan los estados que suscribieron instrumentos internacionales que defienden y protegen derechos humanos, es entender y conocer c\u00f3mo hacerlos justiciables.<\/p>\n\n\n\n<p>Rodr\u00edguez Alamilla dijo que este proceso formativo tiene el objetivo de impulsar conocimientos, saberes y habilidades, mediante el enfoque del pluralismo jur\u00eddico y la perspectiva de la interculturalidad en las y los servidores p\u00fablicos de la Instituci\u00f3n de procuraci\u00f3n de justicia, encargados de brindar atenci\u00f3n a pueblos y comunidades ind\u00edgenas y afrodescendientes, a fin de hacer que el trabajo de la instituci\u00f3n sea accesible para todos los sectores sociales de Oaxaca, mediante un enfoque que reconozca la diversidad cultural en la entidad.<\/p>\n\n\n\n<p>Adem\u00e1s, reconoci\u00f3 a las servidoras y servidores p\u00fablicos de la Fiscal\u00eda General del Estado de Oaxaca que proceden de pueblos y comunidades y hablan alguna lengua materna, pues ellas y ellos enriquecen el trabajo de la instituci\u00f3n.<\/p>\n\n\n\n<p>Durante su participaci\u00f3n, el presidente del Centro Profesional Ind\u00edgena de Asesor\u00eda, Defensa y Traducci\u00f3n, A.C., Tom\u00e1s L\u00f3pez Sarabia, reiter\u00f3 que este proceso de profesionalizaci\u00f3n busca dar una respuesta a las diversas problem\u00e1ticas existentes en la entidad.<\/p>\n\n\n\n<p>Agreg\u00f3 que, es fundamental reconocer que quienes acuden a solicitar los servicios que brinda la Instituci\u00f3n de procuraci\u00f3n de justicia son personas que viajan largas distancias para solicitar atenci\u00f3n, \u201cpor ello es importante entender que estas personas desafortunadamente tienen otros retos, no solo el de la distancia, sino en temas de lengua, cultura y desigualdad, pues en muchas ocasiones para que una persona acceda al sistema de justicia, termina vendiendo sus propiedades\u201d.<\/p>\n","protected":false},"excerpt":{"rendered":"<p>Redacci\u00f3n\/Zona Roja. Oaxaca de Ju\u00e1rez, Oax., a 20 de febrero de 2024.- \u201cExiste una deuda&hellip;<\/p>\n","protected":false},"author":2,"featured_media":65474,"comment_status":"closed","ping_status":"open","sticky":false,"template":"","format":"standard","meta":{"_lmt_disableupdate":"","_lmt_disable":"","_jetpack_memberships_contains_paid_content":false,"footnotes":""},"categories":[109,46],"tags":[494],"class_list":["post-65473","post","type-post","status-publish","format-standard","has-post-thumbnail","hentry","category-minuto-a-minuto","category-zona-blanca","tag-fiscalia-general-del-estado-de-oaxaca"],"jetpack_featured_media_url":"https:\/\/zonaroja.com.mx\/wp-content\/uploads\/2024\/02\/Fiscal-Alamilla-y-Fiscalia-Oaxaca-.jpeg","jetpack_sharing_enabled":true,"_links":{"self":[{"href":"https:\/\/zonaroja.com.mx\/index.php?rest_route=\/wp\/v2\/posts\/65473","targetHints":{"allow":["GET"]}}],"collection":[{"href":"https:\/\/zonaroja.com.mx\/index.php?rest_route=\/wp\/v2\/posts"}],"about":[{"href":"https:\/\/zonaroja.com.mx\/index.php?rest_route=\/wp\/v2\/types\/post"}],"author":[{"embeddable":true,"href":"https:\/\/zonaroja.com.mx\/index.php?rest_route=\/wp\/v2\/users\/2"}],"replies":[{"embeddable":true,"href":"https:\/\/zonaroja.com.mx\/index.php?rest_route=%2Fwp%2Fv2%2Fcomments&post=65473"}],"version-history":[{"count":1,"href":"https:\/\/zonaroja.com.mx\/index.php?rest_route=\/wp\/v2\/posts\/65473\/revisions"}],"predecessor-version":[{"id":65475,"href":"https:\/\/zonaroja.com.mx\/index.php?rest_route=\/wp\/v2\/posts\/65473\/revisions\/65475"}],"wp:featuredmedia":[{"embeddable":true,"href":"https:\/\/zonaroja.com.mx\/index.php?rest_route=\/wp\/v2\/media\/65474"}],"wp:attachment":[{"href":"https:\/\/zonaroja.com.mx\/index.php?rest_route=%2Fwp%2Fv2%2Fmedia&parent=65473"}],"wp:term":[{"taxonomy":"category","embeddable":true,"href":"https:\/\/zonaroja.com.mx\/index.php?rest_route=%2Fwp%2Fv2%2Fcategories&post=65473"},{"taxonomy":"post_tag","embeddable":true,"href":"https:\/\/zonaroja.com.mx\/index.php?rest_route=%2Fwp%2Fv2%2Ftags&post=65473"}],"curies":[{"name":"wp","href":"https:\/\/api.w.org\/{rel}","templated":true}]}}