{"id":65476,"date":"2024-02-20T11:55:00","date_gmt":"2024-02-20T17:55:00","guid":{"rendered":"http:\/\/www.zonaroja.com.mx\/?p=65476"},"modified":"2024-02-20T07:57:25","modified_gmt":"2024-02-20T13:57:25","slug":"reconocen-la-trayectoria-del-decano-del-periodismo-juan-manuel-vignon","status":"publish","type":"post","link":"https:\/\/zonaroja.com.mx\/?p=65476","title":{"rendered":"Reconocen\u00a0la trayectoria del\u00a0decano del periodismo,\u00a0Juan Manuel\u00a0Vign\u00f3n"},"content":{"rendered":"\n<p>Redacci\u00f3n\/Zona Roja.<\/p>\n\n\n\n<p>Oaxaca de Ju\u00e1rez, Oax., a 20 de febrero de 2024.- En una reuni\u00f3n de iguales, los integrantes del Conversatorio de Periodismo 2024 reconocieron a&nbsp;don Juan Manuel Vign\u00f3n, uno de los m\u00e1s destacados periodistas oaxaque\u00f1os,&nbsp;sus m\u00e1s de&nbsp;60 a\u00f1os de actividad&nbsp;profesional&nbsp;en favor del gremio y la sociedad, en un acto celebrado en la Casa de la Cultura Oaxaque\u00f1a.<\/p>\n\n\n\n<p>Al hacer uso de la palabra a nombre de los organizadores de este encuentro&nbsp;y frente a su familia, el periodista&nbsp;Wilfrido L\u00f3pez Torres,&nbsp;reconoci\u00f3&nbsp;la su&nbsp;trayectoria del decano de los periodistas&nbsp;y&nbsp;su calidad excepcional de ser humano.<\/p>\n\n\n\n<p>\u201cEn un momento en que el pa\u00eds atraviesa por circunstancias dif\u00edciles, un pa\u00eds flagelado por el l\u00e1tigo de la delincuencia, y por el rostro ir\u00f3nico de los que nos gobiernan, se requieren plumas honestas y valientes, como la tuya, Juan Manuel, aunque&nbsp;tu&nbsp;has&nbsp;dado lo tuyo y como muchos,&nbsp;has&nbsp;forjado la historia de un Oaxaca que te quiere y te respeta\u201d, se\u00f1al\u00f3.<\/p>\n\n\n\n<p>Y agreg\u00f3:&nbsp;<\/p>\n\n\n\n<p>\u201cQuienes te conocemos, por supuesto que no tenemos duda de tu capacidad como periodista; por el contrario, tenemos hacia a ti admiraci\u00f3n, y un agradecimiento profundo por haber engrandecido el periodismo en Oaxaca, por haberlo hecho cre\u00edble y por haberlo practicado en su momento, con pasi\u00f3n, entrega y valent\u00eda, para denunciar las injusticias y todos los males que corroen nuestro sistema\u201d.<\/p>\n\n\n\n<p>\u201cS\u00e9 que este oficio lo llevas en el alma, como llevas en tu coraz\u00f3n a tu bella familia, que ha sabido entender y apoyarte en la brillantez de tu&nbsp;carrera\u201d, subray\u00f3.<\/p>\n\n\n\n<p>En su larga trayectoria como periodista, Juan Manuel&nbsp;Vign\u00f3n&nbsp;fund\u00f3 medios informativos como&nbsp;\u201cEl Olimpo\u201d, \u201cEl Imparcial del Istmo\u201d, y posteriormente se&nbsp;integr\u00f3&nbsp;a&nbsp;la redacci\u00f3n del diario de circulaci\u00f3n nacional \u201cEl Universal\u201d, del cual cubri\u00f3 la fuente de la Presidencia de la Rep\u00fablica, adem\u00e1s de haber sido por muchos a\u00f1os corresponsal de Televisa&nbsp;en Oaxaca.<\/p>\n\n\n\n<p>El Conversatorio de Periodismo es una iniciativa de capacitaci\u00f3n, emprendimiento e innovaci\u00f3n profesional, que ha reunido impulsada por los periodistas Francisco J. S\u00e1nchez, Wilfrido L\u00f3pez Torres y Jos\u00e9 Antonio Guti\u00e9rrez Sumano.<\/p>\n","protected":false},"excerpt":{"rendered":"<p>Redacci\u00f3n\/Zona Roja. Oaxaca de Ju\u00e1rez, Oax., a 20 de febrero de 2024.- En una reuni\u00f3n&hellip;<\/p>\n","protected":false},"author":2,"featured_media":65477,"comment_status":"closed","ping_status":"open","sticky":false,"template":"","format":"standard","meta":{"_lmt_disableupdate":"","_lmt_disable":"","_jetpack_memberships_contains_paid_content":false,"footnotes":""},"categories":[109,46],"tags":[3848],"class_list":["post-65476","post","type-post","status-publish","format-standard","has-post-thumbnail","hentry","category-minuto-a-minuto","category-zona-blanca","tag-juan-manuel-vignon"],"jetpack_featured_media_url":"https:\/\/zonaroja.com.mx\/wp-content\/uploads\/2024\/02\/Reconocimiento-a-Juan-Manuel-Vignon.jpg","jetpack_sharing_enabled":true,"_links":{"self":[{"href":"https:\/\/zonaroja.com.mx\/index.php?rest_route=\/wp\/v2\/posts\/65476","targetHints":{"allow":["GET"]}}],"collection":[{"href":"https:\/\/zonaroja.com.mx\/index.php?rest_route=\/wp\/v2\/posts"}],"about":[{"href":"https:\/\/zonaroja.com.mx\/index.php?rest_route=\/wp\/v2\/types\/post"}],"author":[{"embeddable":true,"href":"https:\/\/zonaroja.com.mx\/index.php?rest_route=\/wp\/v2\/users\/2"}],"replies":[{"embeddable":true,"href":"https:\/\/zonaroja.com.mx\/index.php?rest_route=%2Fwp%2Fv2%2Fcomments&post=65476"}],"version-history":[{"count":1,"href":"https:\/\/zonaroja.com.mx\/index.php?rest_route=\/wp\/v2\/posts\/65476\/revisions"}],"predecessor-version":[{"id":65478,"href":"https:\/\/zonaroja.com.mx\/index.php?rest_route=\/wp\/v2\/posts\/65476\/revisions\/65478"}],"wp:featuredmedia":[{"embeddable":true,"href":"https:\/\/zonaroja.com.mx\/index.php?rest_route=\/wp\/v2\/media\/65477"}],"wp:attachment":[{"href":"https:\/\/zonaroja.com.mx\/index.php?rest_route=%2Fwp%2Fv2%2Fmedia&parent=65476"}],"wp:term":[{"taxonomy":"category","embeddable":true,"href":"https:\/\/zonaroja.com.mx\/index.php?rest_route=%2Fwp%2Fv2%2Fcategories&post=65476"},{"taxonomy":"post_tag","embeddable":true,"href":"https:\/\/zonaroja.com.mx\/index.php?rest_route=%2Fwp%2Fv2%2Ftags&post=65476"}],"curies":[{"name":"wp","href":"https:\/\/api.w.org\/{rel}","templated":true}]}}