{"id":65479,"date":"2024-02-20T12:57:00","date_gmt":"2024-02-20T18:57:00","guid":{"rendered":"http:\/\/www.zonaroja.com.mx\/?p=65479"},"modified":"2024-02-20T08:28:06","modified_gmt":"2024-02-20T14:28:06","slug":"entregara-el-congreso-la-medalla-alvaro-carrillo-convoca-a-postularse","status":"publish","type":"post","link":"https:\/\/zonaroja.com.mx\/?p=65479","title":{"rendered":"Entregar\u00e1 el Congreso la medalla \u201c\u00c1lvaro Carrillo\u201d; convoca a postularse\u00a0"},"content":{"rendered":"\n<p>Redacci\u00f3n\/Zona Roja.<\/p>\n\n\n\n<p>Oaxaca de Ju\u00e1rez, Oax., a 20 de febrero de 2024.- La 65 Legislatura del Congreso de Oaxaca convoca a postular a personas y asociaciones que contribuyan al desarrollo de la cultura en el estado, para participar por la medalla \u201c\u00c1lvaro Carrillo\u201d.<\/p>\n\n\n\n<p>De acuerdo con la convocatoria emitida por la Comisi\u00f3n Permanente de Culturas, Artes, Juventud, Cultura F\u00edsica y Deporte, las y los aspirantes a la obtenci\u00f3n de la presea ser\u00e1n propuestos por una tercera persona, y deber\u00e1n acreditar una trayectoria en la contribuci\u00f3n del fomento, difusi\u00f3n y desarrollo de la m\u00fasica de Oaxaca.<\/p>\n\n\n\n<p>Podr\u00e1n postular a compositores, cantautores y asociaciones oaxaque\u00f1as. Las inscripciones est\u00e1n abiertas a partir de este 19 de febrero y hasta el 29 de marzo de 2024.<\/p>\n\n\n\n<p>Para el registro de participantes, se deber\u00e1 anexar una carta de postulaci\u00f3n que contendr\u00e1 el nombre del o la aspirante, sea persona f\u00edsica o moral, eje de propuesta, ficha bibliogr\u00e1fica, trayectoria en orden cronol\u00f3gico donde se resalten las obras o proyectos de relevancia dentro de su carrera, actividades que realiza, iniciativas, proyectos y acciones presentadas en beneficio a la m\u00fasica como expresi\u00f3n de la cultura oaxaque\u00f1a. Asimismo, deber\u00e1n incluirse cartas de acreditaci\u00f3n social, institucional, acad\u00e9mico o cultural a nivel estatal, nacional o internacional.<\/p>\n\n\n\n<p>Los documentos solicitados deber\u00e1n entregarse de manera f\u00edsica y electr\u00f3nica en formato pdf, en la oficina de la presidencia de la Comisi\u00f3n Permanente de Cultura, Artes, Juventud, Cultura F\u00edsica y Deporte, ubicada en el primer nivel del edificio de diputados del Congreso del Estado, situado en la calle 14 Oriente n\u00famero 1, en San Raymundo Jalpan, y al correo electr\u00f3nico diputadosesul@gmail.com.<\/p>\n\n\n\n<p>Ser\u00e1 el jurado calificador, integrado por las y los diputados de la Comisi\u00f3n Permanente de Culturas, Artes, Juventud, Cultura F\u00edsica y Deporte, quienes seleccionen a la persona acreedora de este reconocimiento, conforme a los criterios establecidos en la convocatoria.<\/p>\n\n\n\n<p>Esta medalla se entregar\u00e1 el 3 de abril de 2024 durante la sesi\u00f3n correspondiente al homenaje que se realizar\u00e1 en memoria del compositor \u00c1lvaro Carrillo, en el recinto del Congreso de Oaxaca.<\/p>\n","protected":false},"excerpt":{"rendered":"<p>Redacci\u00f3n\/Zona Roja. Oaxaca de Ju\u00e1rez, Oax., a 20 de febrero de 2024.- La 65 Legislatura&hellip;<\/p>\n","protected":false},"author":2,"featured_media":65468,"comment_status":"closed","ping_status":"open","sticky":false,"template":"","format":"standard","meta":{"_lmt_disableupdate":"","_lmt_disable":"","_jetpack_memberships_contains_paid_content":false,"footnotes":""},"categories":[109,46],"tags":[2743],"class_list":["post-65479","post","type-post","status-publish","format-standard","has-post-thumbnail","hentry","category-minuto-a-minuto","category-zona-blanca","tag-65-legislatura-del-estado-de-oaxaca"],"jetpack_featured_media_url":"https:\/\/zonaroja.com.mx\/wp-content\/uploads\/2024\/02\/Congreso-entregara-medalla-Alvaro-Carrillo-convoca-a-postular-a-personas-y-asociaciones-musicales.jpeg","jetpack_sharing_enabled":true,"_links":{"self":[{"href":"https:\/\/zonaroja.com.mx\/index.php?rest_route=\/wp\/v2\/posts\/65479","targetHints":{"allow":["GET"]}}],"collection":[{"href":"https:\/\/zonaroja.com.mx\/index.php?rest_route=\/wp\/v2\/posts"}],"about":[{"href":"https:\/\/zonaroja.com.mx\/index.php?rest_route=\/wp\/v2\/types\/post"}],"author":[{"embeddable":true,"href":"https:\/\/zonaroja.com.mx\/index.php?rest_route=\/wp\/v2\/users\/2"}],"replies":[{"embeddable":true,"href":"https:\/\/zonaroja.com.mx\/index.php?rest_route=%2Fwp%2Fv2%2Fcomments&post=65479"}],"version-history":[{"count":1,"href":"https:\/\/zonaroja.com.mx\/index.php?rest_route=\/wp\/v2\/posts\/65479\/revisions"}],"predecessor-version":[{"id":65480,"href":"https:\/\/zonaroja.com.mx\/index.php?rest_route=\/wp\/v2\/posts\/65479\/revisions\/65480"}],"wp:featuredmedia":[{"embeddable":true,"href":"https:\/\/zonaroja.com.mx\/index.php?rest_route=\/wp\/v2\/media\/65468"}],"wp:attachment":[{"href":"https:\/\/zonaroja.com.mx\/index.php?rest_route=%2Fwp%2Fv2%2Fmedia&parent=65479"}],"wp:term":[{"taxonomy":"category","embeddable":true,"href":"https:\/\/zonaroja.com.mx\/index.php?rest_route=%2Fwp%2Fv2%2Fcategories&post=65479"},{"taxonomy":"post_tag","embeddable":true,"href":"https:\/\/zonaroja.com.mx\/index.php?rest_route=%2Fwp%2Fv2%2Ftags&post=65479"}],"curies":[{"name":"wp","href":"https:\/\/api.w.org\/{rel}","templated":true}]}}