{"id":65489,"date":"2024-02-20T18:52:04","date_gmt":"2024-02-21T00:52:04","guid":{"rendered":"http:\/\/www.zonaroja.com.mx\/?p=65489"},"modified":"2024-02-20T18:52:06","modified_gmt":"2024-02-21T00:52:06","slug":"a-tres-dias-de-planton-desdena-poder-judicial-escuchar-a-victimas-de-eloxochitlan","status":"publish","type":"post","link":"https:\/\/zonaroja.com.mx\/?p=65489","title":{"rendered":"A tres d\u00edas de \u201cplant\u00f3n\u201d, desde\u00f1a Poder Judicial escuchar a v\u00edctimas de Eloxochitl\u00e1n"},"content":{"rendered":"\n<p>Yuridiana Sosa\/Zona Roja.<\/p>\n\n\n\n<p>Oaxaca de Ju\u00e1rez, Oax., 20 de febrero de 2024.- Pese a tres d\u00edas de \u201cplant\u00f3n\u201d en el corredor exterior del Palacio de Gobierno, la titular del Poder Judicial de Oaxaca, Berenice Ram\u00edrez Jim\u00e9nez, se ha negado a escuchar y atender a familiares de cuatro personas detenidas desde hace nueve a\u00f1os por un conflicto ocurrido en 2014 en Eloxochitl\u00e1n de Flores Mag\u00f3n.<\/p>\n\n\n\n<p>Las manifestantes, en su mayor\u00eda mujeres, quienes comenzaron su protesta el pasado domingo, aseguran que no se retirar\u00e1n hasta ser recibidos por los titulares del Poder Ejecutivo y del Judicial; pues en el primer caso han solicitado el encuentro desde hace m\u00e1s de un a\u00f1o, y en el segundo para exponer el caso a la nueva magistrada.<\/p>\n\n\n\n<p>Los familiares de los presos pol\u00edticos manifiestan diversas violaciones a los derechos humanos, tanto de los detenidos como da\u00f1os a terceros, lo que ha generado atenciones especiales de la ONU, siendo un caso emblem\u00e1tico, sin embargo, las autoridades minimizan su atenci\u00f3n.<\/p>\n\n\n\n<p>EXIGEN CAMBIO<\/p>\n\n\n\n<p>Las afectadas demandan el encuentro con la magistrada Berenice Ram\u00edrez Jim\u00e9nez, de quien esperan marque una diferencia en el Tribunal Superior de Justicia, para exponer el caso de sus familiares encarcelados y de los que vez tras vez han demostrado que son hechos fabricados y por lo cual han ganado amparos.<\/p>\n\n\n\n<p>Durante el \u201cplant\u00f3n\u201d, las mujeres denunciaron que en la mayor\u00eda de los casos no existen sentencias, mientras que en otros, pese a ser beneficiados con su libertad, \u00e9stas han sido revocadas con por medio de influencias de la secretaria de la Mujer de Oaxaca, Elisa Zepeda Lagunas.<\/p>\n\n\n\n<p>La funcionaria, recalcaron, es la encargada de la fabricaci\u00f3n de delitos contra los ind\u00edgenas mazatecos, acusados entre otros hechos del asesinato de su hermano en hechos violentos de 2014 en Eloxochitl\u00e1n.<\/p>\n\n\n\n<p>&nbsp;Se\u00f1alaron que durante la administraci\u00f3n anterior en el Poder Judicial se les neg\u00f3 la justicia, convirtiendo al Poder Judicial en administrador de la corrupci\u00f3n y c\u00f3mplice de los actos de Zepeda Lagunas, quien logr\u00f3 que se negaran los autos de libertad ganados en diversas ocasiones.<\/p>\n\n\n\n<p>Actualmente, apuntaron, la funcionaria pretende hacer los mismos actos en la gesti\u00f3n de Berenice Ram\u00edrez, interponiendo &nbsp;procesos contra libertad de siete compa\u00f1eros, por lo que van a mantener su lucha para evitar que la injusticia regrese.<\/p>\n","protected":false},"excerpt":{"rendered":"<p>Yuridiana Sosa\/Zona Roja. Oaxaca de Ju\u00e1rez, Oax., 20 de febrero de 2024.- Pese a tres&hellip;<\/p>\n","protected":false},"author":2,"featured_media":65487,"comment_status":"closed","ping_status":"open","sticky":false,"template":"","format":"standard","meta":{"_lmt_disableupdate":"","_lmt_disable":"","_jetpack_memberships_contains_paid_content":false,"footnotes":""},"categories":[109,47],"tags":[719],"class_list":["post-65489","post","type-post","status-publish","format-standard","has-post-thumbnail","hentry","category-minuto-a-minuto","category-zona-gris","tag-eloxochitlan-de-flores-magon"],"jetpack_featured_media_url":"https:\/\/zonaroja.com.mx\/wp-content\/uploads\/2024\/02\/Protesta-familiares-activistas-Eloxochitlan.jpg","jetpack_sharing_enabled":true,"_links":{"self":[{"href":"https:\/\/zonaroja.com.mx\/index.php?rest_route=\/wp\/v2\/posts\/65489","targetHints":{"allow":["GET"]}}],"collection":[{"href":"https:\/\/zonaroja.com.mx\/index.php?rest_route=\/wp\/v2\/posts"}],"about":[{"href":"https:\/\/zonaroja.com.mx\/index.php?rest_route=\/wp\/v2\/types\/post"}],"author":[{"embeddable":true,"href":"https:\/\/zonaroja.com.mx\/index.php?rest_route=\/wp\/v2\/users\/2"}],"replies":[{"embeddable":true,"href":"https:\/\/zonaroja.com.mx\/index.php?rest_route=%2Fwp%2Fv2%2Fcomments&post=65489"}],"version-history":[{"count":1,"href":"https:\/\/zonaroja.com.mx\/index.php?rest_route=\/wp\/v2\/posts\/65489\/revisions"}],"predecessor-version":[{"id":65490,"href":"https:\/\/zonaroja.com.mx\/index.php?rest_route=\/wp\/v2\/posts\/65489\/revisions\/65490"}],"wp:featuredmedia":[{"embeddable":true,"href":"https:\/\/zonaroja.com.mx\/index.php?rest_route=\/wp\/v2\/media\/65487"}],"wp:attachment":[{"href":"https:\/\/zonaroja.com.mx\/index.php?rest_route=%2Fwp%2Fv2%2Fmedia&parent=65489"}],"wp:term":[{"taxonomy":"category","embeddable":true,"href":"https:\/\/zonaroja.com.mx\/index.php?rest_route=%2Fwp%2Fv2%2Fcategories&post=65489"},{"taxonomy":"post_tag","embeddable":true,"href":"https:\/\/zonaroja.com.mx\/index.php?rest_route=%2Fwp%2Fv2%2Ftags&post=65489"}],"curies":[{"name":"wp","href":"https:\/\/api.w.org\/{rel}","templated":true}]}}