{"id":6549,"date":"2019-12-10T18:45:54","date_gmt":"2019-12-11T00:45:54","guid":{"rendered":"http:\/\/www.zonaroja.com.mx\/?p=6549"},"modified":"2019-12-10T18:45:58","modified_gmt":"2019-12-11T00:45:58","slug":"resalta-congreso-logros-en-materia-de-igualdad-y-equidad-de-genero","status":"publish","type":"post","link":"https:\/\/zonaroja.com.mx\/?p=6549","title":{"rendered":"Resalta Congreso logros en materia de igualdad y equidad de g\u00e9nero"},"content":{"rendered":"\n<p>Redacci\u00f3n\/Zona\nRoja.<\/p>\n\n\n\n<p>Oaxaca\nde Ju\u00e1rez, Oax., 10 de diciembre de 2019.- En este a\u00f1o 2019, Oaxaca se\nconvirti\u00f3 en la segunda entidad en despenalizar la interrupci\u00f3n del embarazo\nantes de las 12 semanas de gestaci\u00f3n.<\/p>\n\n\n\n<p>Con\nello se termina la criminalizaci\u00f3n que las mujeres ten\u00edan al decidir sobre sus\ncuerpos, se\u00f1al\u00f3 la diputada presidenta de la Comisi\u00f3n de Derechos Humanos de la\n64 Legislatura local, Magaly L\u00f3pez Dom\u00ednguez.<\/p>\n\n\n\n<p>Con las reformas a los art\u00edculos 321,313, 315 y 316 del C\u00f3digo Civil, se establece que el delito de aborto s\u00f3lo se configurar\u00e1 cuando se practique despu\u00e9s de las 12 semanas de gestaci\u00f3n, pero se excluir\u00e1 cuando el embarazo sea producto de una violaci\u00f3n, de una inseminaci\u00f3n no consentida o se ponga en riesgo la salud de la madre o el producto.<\/p>\n\n\n\n<figure class=\"wp-block-embed-twitter wp-block-embed is-type-rich is-provider-twitter\"><div class=\"wp-block-embed__wrapper\">\n<div class=\"twitter-tweet\"><blockquote class=\"twitter-tweet\" data-lang=\"es\"><p lang=\"es\" dir=\"ltr\">En <a href=\"https:\/\/twitter.com\/hashtag\/Oaxaca?src=hash&amp;ref_src=twsrc%5Etfw\">#Oaxaca<\/a> los movimientos sociales han conquistado y construido sus <a href=\"https:\/\/twitter.com\/hashtag\/DerechosHumanos?src=hash&amp;ref_src=twsrc%5Etfw\">#DerechosHumanos<\/a> \ud83d\udd4a, en el Congreso del Estado nos corresponde reconocerlos. <br>\u00a1Matrimonio igualitario \ud83d\udc6b\ud83d\udc6c\ud83d\udc6d, identidad de g\u00e9nero y despenalizaci\u00f3n de la interrupci\u00f3n del embarazo \ud83d\udc9a, son grandes indicadores  ! <a href=\"https:\/\/t.co\/1mxcgY1la9\">pic.twitter.com\/1mxcgY1la9<\/a><\/p>&mdash; Magaly L\u00f3pez Dom\u00ednguez (@Magaly_LopezOax) <a href=\"https:\/\/twitter.com\/Magaly_LopezOax\/status\/1204508105049923584?ref_src=twsrc%5Etfw\">10 de diciembre de 2019<\/a><\/blockquote><\/div>\n<\/div><\/figure>\n\n\n\n<p>\u201cEs\nun logro de todas las oaxaque\u00f1as y se da como respuesta a los movimientos\nsociales de mujeres valientes, que durante d\u00e9cadas se han movilizados por sus\nderechos\u201d, se\u00f1al\u00f3 la diputada por el Partido Morena.<\/p>\n\n\n\n<p>La\naprobaci\u00f3n del matrimonio igualitario y el derecho a la identidad de g\u00e9nero, es\notro rubro que indica avances en materia de derechos humanos para todas las\npersonas en Oaxaca, agreg\u00f3.<\/p>\n\n\n\n<p>Indic\u00f3\nque el Congreso logr\u00f3 reformar el art\u00edculo 143 del C\u00f3digo Civil, con ello se\nestable que el matrimonio, ahora, es un contrato civil celebrado entre dos\npersonas, que no necesariamente son un hombre y una mujer.<\/p>\n\n\n\n<p>Magaly\nL\u00f3pez expres\u00f3 que los logros obtenidos por la actual 64 Legislatura son el\nreconocimiento a los derechos conquistados y construidos por los movimientos\nsociales que a lo largo del tiempo han defendido grupos sociales.<\/p>\n\n\n\n<p>\u00a0\u201cLos movimientos sociales han conquistado sus derechos, al Congreso nos toc\u00f3 darle reconocimiento\u201d, puntualiz\u00f3 L\u00f3pez Dom\u00ednguez.<\/p>\n\n\n\n<figure class=\"wp-block-embed-twitter wp-block-embed is-type-rich is-provider-twitter\"><div class=\"wp-block-embed__wrapper\">\n<div class=\"twitter-tweet\"><blockquote class=\"twitter-tweet\" data-lang=\"es\"><p lang=\"es\" dir=\"ltr\">En <a href=\"https:\/\/twitter.com\/hashtag\/Oaxaca?src=hash&amp;ref_src=twsrc%5Etfw\">#Oaxaca<\/a> arrebatamos y conquistamos los <a href=\"https:\/\/twitter.com\/hashtag\/DerechosHumanos?src=hash&amp;ref_src=twsrc%5Etfw\">#DerechosHumanos<\/a> \ud83d\udd4a. <br>Matrimonio igualitario \ud83d\udc6c\ud83d\udc6d\ud83d\udc6b e identidad de g\u00e9nero dos grandes logros. <a href=\"https:\/\/twitter.com\/Desde_Izquierda?ref_src=twsrc%5Etfw\">@Desde_Izquierda<\/a> <a href=\"https:\/\/twitter.com\/Eltiotonysoy?ref_src=twsrc%5Etfw\">@Eltiotonysoy<\/a> <a href=\"https:\/\/twitter.com\/HoracioSosaOax?ref_src=twsrc%5Etfw\">@HoracioSosaOax<\/a> <a href=\"https:\/\/twitter.com\/RosarioPiedraIb?ref_src=twsrc%5Etfw\">@RosarioPiedraIb<\/a> <a href=\"https:\/\/twitter.com\/CNDH?ref_src=twsrc%5Etfw\">@CNDH<\/a> <a href=\"https:\/\/t.co\/7J3djlsKD6\">pic.twitter.com\/7J3djlsKD6<\/a><\/p>&mdash; Magaly L\u00f3pez Dom\u00ednguez (@Magaly_LopezOax) <a href=\"https:\/\/twitter.com\/Magaly_LopezOax\/status\/1204397210600820736?ref_src=twsrc%5Etfw\">10 de diciembre de 2019<\/a><\/blockquote><\/div>\n<\/div><\/figure>\n","protected":false},"excerpt":{"rendered":"<p>Redacci\u00f3n\/Zona Roja. Oaxaca de Ju\u00e1rez, Oax., 10 de diciembre de 2019.- En este a\u00f1o 2019,&hellip;<\/p>\n","protected":false},"author":2,"featured_media":6550,"comment_status":"closed","ping_status":"open","sticky":false,"template":"","format":"standard","meta":{"_lmt_disableupdate":"","_lmt_disable":"","_jetpack_memberships_contains_paid_content":false,"footnotes":""},"categories":[109,46],"tags":[213,192],"class_list":["post-6549","post","type-post","status-publish","format-standard","has-post-thumbnail","hentry","category-minuto-a-minuto","category-zona-blanca","tag-64-legislatura-de-oaxaca","tag-diputada-magaly-lopez-dominguez"],"jetpack_featured_media_url":"https:\/\/zonaroja.com.mx\/wp-content\/uploads\/2019\/12\/Derechos-Humanos.jpg","jetpack_sharing_enabled":true,"_links":{"self":[{"href":"https:\/\/zonaroja.com.mx\/index.php?rest_route=\/wp\/v2\/posts\/6549","targetHints":{"allow":["GET"]}}],"collection":[{"href":"https:\/\/zonaroja.com.mx\/index.php?rest_route=\/wp\/v2\/posts"}],"about":[{"href":"https:\/\/zonaroja.com.mx\/index.php?rest_route=\/wp\/v2\/types\/post"}],"author":[{"embeddable":true,"href":"https:\/\/zonaroja.com.mx\/index.php?rest_route=\/wp\/v2\/users\/2"}],"replies":[{"embeddable":true,"href":"https:\/\/zonaroja.com.mx\/index.php?rest_route=%2Fwp%2Fv2%2Fcomments&post=6549"}],"version-history":[{"count":1,"href":"https:\/\/zonaroja.com.mx\/index.php?rest_route=\/wp\/v2\/posts\/6549\/revisions"}],"predecessor-version":[{"id":6551,"href":"https:\/\/zonaroja.com.mx\/index.php?rest_route=\/wp\/v2\/posts\/6549\/revisions\/6551"}],"wp:featuredmedia":[{"embeddable":true,"href":"https:\/\/zonaroja.com.mx\/index.php?rest_route=\/wp\/v2\/media\/6550"}],"wp:attachment":[{"href":"https:\/\/zonaroja.com.mx\/index.php?rest_route=%2Fwp%2Fv2%2Fmedia&parent=6549"}],"wp:term":[{"taxonomy":"category","embeddable":true,"href":"https:\/\/zonaroja.com.mx\/index.php?rest_route=%2Fwp%2Fv2%2Fcategories&post=6549"},{"taxonomy":"post_tag","embeddable":true,"href":"https:\/\/zonaroja.com.mx\/index.php?rest_route=%2Fwp%2Fv2%2Ftags&post=6549"}],"curies":[{"name":"wp","href":"https:\/\/api.w.org\/{rel}","templated":true}]}}