{"id":65491,"date":"2024-02-20T18:59:58","date_gmt":"2024-02-21T00:59:58","guid":{"rendered":"http:\/\/www.zonaroja.com.mx\/?p=65491"},"modified":"2024-02-20T18:59:59","modified_gmt":"2024-02-21T00:59:59","slug":"otro-multihomicidio-en-guerrero-matan-a-17-en-enfrentamientos","status":"publish","type":"post","link":"https:\/\/zonaroja.com.mx\/?p=65491","title":{"rendered":"Otro multihomicidio en Guerrero: matan a 17 en enfrentamientos"},"content":{"rendered":"\n<p>Redacci\u00f3n\/Zona Roja Cdmx.<\/p>\n\n\n\n<p>Ciudad de M\u00e9xico, a 20 de febrero de 2024.- A San Miguel Totolapan, Guerrero, no llegaron los vientos de tregua en Chilpancingo, dados a conocer la semana pasada por sacerdotes y grupos del crimen organizado.&nbsp;<\/p>\n\n\n\n<p>En el municipio ubicado en la regi\u00f3n de Tierra Caliente, la violencia sigue sin freno y este martes se report\u00f3 un enfrentamiento entre integrantes de c\u00e9lulas delincuenciales que estar\u00eda dejando un saldo de 17 personas muertas.<\/p>\n\n\n\n<p>Sin contar hasta el momento con informaci\u00f3n oficial por parte de las autoridades guerrerenses, medios de comunicaci\u00f3n locales y nacionales recabaron informaci\u00f3n difundida a trav\u00e9s de las redes sociales donde con videos e im\u00e1genes, se muestra la crueldad de la supuesta masacre ocurrida ayer en esa poblaci\u00f3n serrana.<\/p>\n\n\n\n<p>Las grabaciones dan cuenta de los cuerpos, ataviados con camisolas estilo militar, tendidos sobre el suelo, todos ellos con impactos de bala y con armas largas a un costado.<\/p>\n\n\n\n<p>Seg\u00fan datos que trascendieron en el sitio web de \u201cMilenio\u201d, 16 de las v\u00edctimas pertenecer\u00edan a \u201cLa Familia Michoacana\u201d y uno m\u00e1s a \u201cLos Tlacos\u201d o C\u00e1rtel de la Sierra.<\/p>\n\n\n\n<p>El diario tambi\u00e9n precisa que el choque armado pudo haber ocurrido en la zona conocida como Piedra Concha, que es una regi\u00f3n de disputa entre grupos del crimen organizado.<\/p>\n\n\n\n<p>Se presume que el hecho pudo ser un ataque sorpresivo a un campamento de \u201cLa Familia Michoacana\u201d, pues al final de la grabaci\u00f3n se constata c\u00f3mo se encuentran apilados los cuerpos a los que se les prende fuego.<\/p>\n\n\n\n<p>A finales de 2023, los obispos dialogaron con los criminales, quienes s\u00f3lo accedieron a frenar las agresiones en Chilpancingo, aunque los curas buscan que la tregua se extienda a otros puntos del estado, uno de los m\u00e1s violentos del pa\u00eds.<\/p>\n\n\n\n<p>La violencia ha escalado en Guerrero, que ocupa el s\u00e9ptimo lugar nacional entre los 32 estados en n\u00famero de homicidios, con mil 688 asesinatos en 2023, seg\u00fan la Secretar\u00eda de Seguridad y Protecci\u00f3n Ciudadana (SSPC).<\/p>\n\n\n\n<p>Este a\u00f1o, el estado ha padecido de los asesinatos m\u00faltiples de transportistas en Chilpancingo, ni\u00f1os que tomaron las armas en la sierra para defenderse de criminales, la masacre de 13 personas en el municipio Petatl\u00e1n y el secuestro masivo de 9 personas en la frontera con el estado de Morelos.<\/p>\n\n\n\n<p>(Informaci\u00f3n del \u201cDiario de M\u00e9xico\u201d)<\/p>\n","protected":false},"excerpt":{"rendered":"<p>Redacci\u00f3n\/Zona Roja Cdmx. Ciudad de M\u00e9xico, a 20 de febrero de 2024.- A San Miguel&hellip;<\/p>\n","protected":false},"author":2,"featured_media":65492,"comment_status":"closed","ping_status":"open","sticky":false,"template":"","format":"standard","meta":{"_lmt_disableupdate":"","_lmt_disable":"","_jetpack_memberships_contains_paid_content":false,"footnotes":""},"categories":[109,51],"tags":[80],"class_list":["post-65491","post","type-post","status-publish","format-standard","has-post-thumbnail","hentry","category-minuto-a-minuto","category-zona-roja","tag-guerrero"],"jetpack_featured_media_url":"https:\/\/zonaroja.com.mx\/wp-content\/uploads\/2024\/02\/ASesinados-Guerrero.jpg","jetpack_sharing_enabled":true,"_links":{"self":[{"href":"https:\/\/zonaroja.com.mx\/index.php?rest_route=\/wp\/v2\/posts\/65491","targetHints":{"allow":["GET"]}}],"collection":[{"href":"https:\/\/zonaroja.com.mx\/index.php?rest_route=\/wp\/v2\/posts"}],"about":[{"href":"https:\/\/zonaroja.com.mx\/index.php?rest_route=\/wp\/v2\/types\/post"}],"author":[{"embeddable":true,"href":"https:\/\/zonaroja.com.mx\/index.php?rest_route=\/wp\/v2\/users\/2"}],"replies":[{"embeddable":true,"href":"https:\/\/zonaroja.com.mx\/index.php?rest_route=%2Fwp%2Fv2%2Fcomments&post=65491"}],"version-history":[{"count":1,"href":"https:\/\/zonaroja.com.mx\/index.php?rest_route=\/wp\/v2\/posts\/65491\/revisions"}],"predecessor-version":[{"id":65493,"href":"https:\/\/zonaroja.com.mx\/index.php?rest_route=\/wp\/v2\/posts\/65491\/revisions\/65493"}],"wp:featuredmedia":[{"embeddable":true,"href":"https:\/\/zonaroja.com.mx\/index.php?rest_route=\/wp\/v2\/media\/65492"}],"wp:attachment":[{"href":"https:\/\/zonaroja.com.mx\/index.php?rest_route=%2Fwp%2Fv2%2Fmedia&parent=65491"}],"wp:term":[{"taxonomy":"category","embeddable":true,"href":"https:\/\/zonaroja.com.mx\/index.php?rest_route=%2Fwp%2Fv2%2Fcategories&post=65491"},{"taxonomy":"post_tag","embeddable":true,"href":"https:\/\/zonaroja.com.mx\/index.php?rest_route=%2Fwp%2Fv2%2Ftags&post=65491"}],"curies":[{"name":"wp","href":"https:\/\/api.w.org\/{rel}","templated":true}]}}