{"id":65494,"date":"2024-02-20T20:16:09","date_gmt":"2024-02-21T02:16:09","guid":{"rendered":"http:\/\/www.zonaroja.com.mx\/?p=65494"},"modified":"2024-02-20T20:16:11","modified_gmt":"2024-02-21T02:16:11","slug":"advierten-por-enesima-ocasion-de-ataques-armados-de-teojomulco","status":"publish","type":"post","link":"https:\/\/zonaroja.com.mx\/?p=65494","title":{"rendered":"Advierten por en\u00e9sima ocasi\u00f3n de ataques armados de Teojomulco"},"content":{"rendered":"\n<p>Ismael Garc\u00eda M.\/Zona Roja.<\/p>\n\n\n\n<p>Oaxaca de Ju\u00e1rez, Oax., a 20 de febrero de 2024.- A falta de atenci\u00f3n prioritaria, habitantes de la agencia de San Pedro El Alto llegaron a la capital de Oaxaca para advertir, por en\u00e9sima ocasi\u00f3n, de un ataque armado por parte de sus vecinos de Santo Domingo Teojomulco.<\/p>\n\n\n\n<p>\u201cLas tierras (en disputa) nos pertenecen legalmente y venimos a poner esta denuncia p\u00fablica hacia el estado y hacia nuestro pa\u00eds; nos est\u00e1n despojando de nuestras tierras; quemaron ranchos, quemaron veh\u00edculos, desnudaron e hicieron caminar a nuestros comuneros.<\/p>\n\n\n\n<p>\u201cNo es justo que aqu\u00ed no haya gobernabilidad; esperamos de nuestros gobiernos que pongan atenci\u00f3n, no m\u00e1s de tres d\u00edas queremos la seguridad all\u00e1 en nuestra zona para evitar que corra sangre\u201d, exclam\u00f3 uno de los comuneros.<\/p>\n\n\n\n<p>Y es que Teojomulco insiste en despojarles de tierras a San Pedro El Alto, agencia de Zimatl\u00e1n de \u00c1lvarez, pese a que \u00e9sta tiene la posesi\u00f3n legal e incluso ha ceder una parte de terrenos con tal de lograr un acuerdos.<\/p>\n\n\n\n<p>\u201cCr\u00e9anme que estamos puestos ya para defender nuestras tierras, ya no m\u00e1s agresiones; estas personas tienen nombre y apellido, no s\u00e9 por qu\u00e9 la justicia no ha llegado con ellos; hemos hecho denuncias, mesas de trabajo y no hemos tenido avances y ya es justo que nos atiendan y que volteen los ojos a nuestra comunidad por la invasi\u00f3n\u201d, recalc\u00f3 el comunero.<\/p>\n\n\n\n<p>Record\u00f3 que en abril pasado despojaron a pobladores de la localidad El Tlacuache y posteriormente han hecho lo mismo en otras poblaciones; \u201cest\u00e1n fuertemente armados\u201d, dijo.<\/p>\n\n\n\n<p>Asegur\u00f3 en que en caso de que en Oaxaca no les hagan caso, acudir\u00e1n a protestar en la Ciudad de M\u00e9xico para exigir respuesta.<\/p>\n\n\n\n<p>La problem\u00e1tica reinici\u00f3 en 2003 de manera violenta, con constantes amenazas de muerte e invasiones; \u201cestamos en riesgo, con armas que usa el Ej\u00e9rcito Mexicano; no s\u00e9 si haya crimen organizado, no se ha puesto atenci\u00f3n realmente en esa zona\u201d, recalc\u00f3.<\/p>\n\n\n\n<p>Denunci\u00f3 al presidente municipal de Teojomulco, Uriel Le\u00f3n Venegas, y el s\u00edndico Eliud P\u00e9rez Rojas as\u00ed como el representante comunal Aureliano Gonz\u00e1lez Mart\u00ednez, pero no se ha actuado en contra de ellos.<\/p>\n","protected":false},"excerpt":{"rendered":"<p>Ismael Garc\u00eda M.\/Zona Roja. Oaxaca de Ju\u00e1rez, Oax., a 20 de febrero de 2024.- A&hellip;<\/p>\n","protected":false},"author":2,"featured_media":65488,"comment_status":"closed","ping_status":"open","sticky":false,"template":"","format":"standard","meta":{"_lmt_disableupdate":"","_lmt_disable":"","_jetpack_memberships_contains_paid_content":false,"footnotes":""},"categories":[109,47],"tags":[3815,3284],"class_list":["post-65494","post","type-post","status-publish","format-standard","has-post-thumbnail","hentry","category-minuto-a-minuto","category-zona-gris","tag-san-pedro-el-alto","tag-santo-domingo-teojomulco"],"jetpack_featured_media_url":"https:\/\/zonaroja.com.mx\/wp-content\/uploads\/2024\/02\/Protesta-San-Pedro-El-Alto.jpg","jetpack_sharing_enabled":true,"_links":{"self":[{"href":"https:\/\/zonaroja.com.mx\/index.php?rest_route=\/wp\/v2\/posts\/65494","targetHints":{"allow":["GET"]}}],"collection":[{"href":"https:\/\/zonaroja.com.mx\/index.php?rest_route=\/wp\/v2\/posts"}],"about":[{"href":"https:\/\/zonaroja.com.mx\/index.php?rest_route=\/wp\/v2\/types\/post"}],"author":[{"embeddable":true,"href":"https:\/\/zonaroja.com.mx\/index.php?rest_route=\/wp\/v2\/users\/2"}],"replies":[{"embeddable":true,"href":"https:\/\/zonaroja.com.mx\/index.php?rest_route=%2Fwp%2Fv2%2Fcomments&post=65494"}],"version-history":[{"count":1,"href":"https:\/\/zonaroja.com.mx\/index.php?rest_route=\/wp\/v2\/posts\/65494\/revisions"}],"predecessor-version":[{"id":65495,"href":"https:\/\/zonaroja.com.mx\/index.php?rest_route=\/wp\/v2\/posts\/65494\/revisions\/65495"}],"wp:featuredmedia":[{"embeddable":true,"href":"https:\/\/zonaroja.com.mx\/index.php?rest_route=\/wp\/v2\/media\/65488"}],"wp:attachment":[{"href":"https:\/\/zonaroja.com.mx\/index.php?rest_route=%2Fwp%2Fv2%2Fmedia&parent=65494"}],"wp:term":[{"taxonomy":"category","embeddable":true,"href":"https:\/\/zonaroja.com.mx\/index.php?rest_route=%2Fwp%2Fv2%2Fcategories&post=65494"},{"taxonomy":"post_tag","embeddable":true,"href":"https:\/\/zonaroja.com.mx\/index.php?rest_route=%2Fwp%2Fv2%2Ftags&post=65494"}],"curies":[{"name":"wp","href":"https:\/\/api.w.org\/{rel}","templated":true}]}}