{"id":65498,"date":"2024-02-20T21:57:01","date_gmt":"2024-02-21T03:57:01","guid":{"rendered":"http:\/\/www.zonaroja.com.mx\/?p=65498"},"modified":"2024-02-20T21:57:03","modified_gmt":"2024-02-21T03:57:03","slug":"segun-seccion-22-escasos-avances-hoy-en-segob-buscaran-a-lopez-obrador","status":"publish","type":"post","link":"https:\/\/zonaroja.com.mx\/?p=65498","title":{"rendered":"Seg\u00fan Secci\u00f3n 22, escasos avances hoy en Segob; buscar\u00e1n a L\u00f3pez Obrador"},"content":{"rendered":"\n<p>Ismael Garc\u00eda M.\/Zona Roja.<\/p>\n\n\n\n<p>Oaxaca de Ju\u00e1rez, Oax., a 20 de febrero de 2024.- A\u00fan cuando consider\u00f3 que hay escasos avances en la mesa de di\u00e1logo que hubo hoy en la Secretar\u00eda de Gobernaci\u00f3n, la Secci\u00f3n 22 del SNTE decidi\u00f3 retirar despu\u00e9s de las 17:00 horas todos los bloqueos carreteros en el estado de Oaxaca.<\/p>\n\n\n\n<p>\u201cEstamos en la exigencia de que el pr\u00f3ximo lunes, cuando el Presidente (Andr\u00e9s Manuel L\u00f3pez Obrador) est\u00e9 en tierras oaxaque\u00f1as, tengamos una mesa directamente con \u00e9l\u2026<\/p>\n\n\n\n<p>\u201cHemos de decir que los acuerdos a los que se llegaron ac\u00e1 no est\u00e1n minutadas tal cual se acordaron en su momento; nos est\u00e1n est\u00e1n dando otro tipo de redacci\u00f3n que no fue tal como se acord\u00f3\u201d, dijo la secretaria General del gremio, Yenny Aracely P\u00e9rez Mart\u00ednez.<\/p>\n\n\n\n<p>El encuentro inici\u00f3 alrededor del mediod\u00eda en la sede de la Secretar\u00eda de Gobernaci\u00f3n, Ciudad de M\u00e9xico, con la participaci\u00f3n de la titular de la dependencia, Luisa Alcalde, y el gobernador Salom\u00f3n Jara Cruz, adem\u00e1s de la comisi\u00f3n pol\u00edtica de la Secci\u00f3n 22 del Sindicato Nacional de Trabajadores de la Educaci\u00f3n (SNTE).<\/p>\n\n\n\n<p>Tras ello, esta tarde la dirigencia sindical dio una conferencia de prensa, en que detall\u00f3 los avances y record\u00f3 que fue el pasado 4 de febrero en que hablaron con el Presidente de M\u00e9xico, quien dio la indicaci\u00f3n de reinstalar la mesa de di\u00e1logo.<\/p>\n\n\n\n<p>P\u00e9rez Mart\u00ednez detall\u00f3 que tras la reuni\u00f3n de hoy, se seguir\u00e1n revisando las incidencias administrativas y se plante\u00f3 que no sea a trav\u00e9s de una convocatoria sino de manera directa, operativa.<\/p>\n\n\n\n<p>En cuanto a los ascensos y transferencias, paradas desde el 2019, debe cubrirse ya la formalizaci\u00f3n con las claves de directivos; adem\u00e1s, recategorizar al Personal de Apoyo y Asistencia a la Educaci\u00f3n (PAAE).<\/p>\n\n\n\n<p>Respecto al adeudo a becarios, que se arrastra desde enero de este a\u00f1o, se cubrir\u00e1 al finalizar el mes de marzo y en abril deber\u00e1n estar inscritos en el IMSS Bienestar.<\/p>\n\n\n\n<p>Adem\u00e1s, se deber\u00e1 revisar el aumento a la percepci\u00f3n mensual de dichos becarios, que actualmente es de cuatro mil 500 pesos sin estabilidad laboral, por lo cual se pide adem\u00e1s la certeza laboral.<\/p>\n\n\n\n<p>En cuanto a seguridad social, el director del ISSSTE no estuvo en la reuni\u00f3n de hoy y por lo tanto no hubo avances, pero se tiene ya certeza en cuanto a un predio para el nuevo hospital, que estar\u00eda en jurisdicci\u00f3n de la Villa de Zaachila.<\/p>\n\n\n\n<p>Respecto a los uniformes escolares, la dirigencia sindical dijo que la exigencia sigue siendo la entrega inmediata tanto de manera directa como de los vales; no obstante el planteamiento no qued\u00f3 resuelto hoy y se continuar\u00e1n las gestiones.<\/p>\n\n\n\n<p>De 110 mil uniformes, se entregar\u00edan en especie en marzo pero demandan que sean cubiertos tambi\u00e9n los vales Adem\u00e1s, habr\u00e1 una mesa de trabajo con los homologados y la SEP, en pr\u00f3ximas fechas.<\/p>\n\n\n\n<p>Sobre la reinstalaci\u00f3n de la mesa con la Comisi\u00f3n Nacional \u00danica de Negociaci\u00f3n de la CNTE, de nuevo fue rechazada esta petici\u00f3n, a fin de abrogar la ley del ISSSTE y otras reformas educativas; demandar\u00e1n&nbsp;<\/p>\n\n\n\n<p>HAY AVANCES<\/p>\n\n\n\n<p>Al respecto, el el gobierno de Oaxaca emiti\u00f3 un comunicado sobre la reuni\u00f3n de trabajo en la Ciudad de M\u00e9xico:<\/p>\n\n\n\n<p>\u201cEl gobernador de Oaxaca, Salom\u00f3n Jara Cruz, celebr\u00f3 los resultados obtenidos en la mesa de di\u00e1logo sostenida entre los gobiernos federal y estatal con la dirigencia de la Secci\u00f3n XXII del Sindicato Nacional de Trabajadores de la Educaci\u00f3n (SNTE).<\/p>\n\n\n\n<p>\u201cMediante sus redes sociales, el mandatario oaxaque\u00f1o inform\u00f3 que en el encuentro en el que particip\u00f3 funcionariado de la Secretar\u00eda de Gobernaci\u00f3n (Segob), de la Secretar\u00eda de Educaci\u00f3n P\u00fablica (SEP) y del Gobierno del Estado de Oaxaca se tuvo un di\u00e1logo constructivo para atender las demandas en materia educativa y laboral del magisterio oaxaque\u00f1o, que redunden en beneficio de la educaci\u00f3n de la ni\u00f1ez.<\/p>\n\n\n\n<p>\u201cDestac\u00f3 que uno de los acuerdos es el establecimiento de una Mesa de Justicia para las v\u00edctimas del movimiento social del a\u00f1o 2006 y del municipio de Asunci\u00f3n Nochixtl\u00e1n en el 2016.<\/p>\n\n\n\n<p>\u201cJara Cruz reiter\u00f3 que su gobierno trabaja para garantizar la justicia social e impulsar la transformaci\u00f3n que requiere el sector educativo del estado de Oaxaca\u201d.<\/p>\n","protected":false},"excerpt":{"rendered":"<p>Ismael Garc\u00eda M.\/Zona Roja. Oaxaca de Ju\u00e1rez, Oax., a 20 de febrero de 2024.- A\u00fan&hellip;<\/p>\n","protected":false},"author":2,"featured_media":65499,"comment_status":"closed","ping_status":"open","sticky":false,"template":"","format":"standard","meta":{"_lmt_disableupdate":"","_lmt_disable":"","_jetpack_memberships_contains_paid_content":false,"footnotes":""},"categories":[109,47],"tags":[312],"class_list":["post-65498","post","type-post","status-publish","format-standard","has-post-thumbnail","hentry","category-minuto-a-minuto","category-zona-gris","tag-seccion-22-del-snte"],"jetpack_featured_media_url":"https:\/\/zonaroja.com.mx\/wp-content\/uploads\/2024\/02\/Seccion-22-dirigencia-reunion-Cdmx.jpg","jetpack_sharing_enabled":true,"_links":{"self":[{"href":"https:\/\/zonaroja.com.mx\/index.php?rest_route=\/wp\/v2\/posts\/65498","targetHints":{"allow":["GET"]}}],"collection":[{"href":"https:\/\/zonaroja.com.mx\/index.php?rest_route=\/wp\/v2\/posts"}],"about":[{"href":"https:\/\/zonaroja.com.mx\/index.php?rest_route=\/wp\/v2\/types\/post"}],"author":[{"embeddable":true,"href":"https:\/\/zonaroja.com.mx\/index.php?rest_route=\/wp\/v2\/users\/2"}],"replies":[{"embeddable":true,"href":"https:\/\/zonaroja.com.mx\/index.php?rest_route=%2Fwp%2Fv2%2Fcomments&post=65498"}],"version-history":[{"count":1,"href":"https:\/\/zonaroja.com.mx\/index.php?rest_route=\/wp\/v2\/posts\/65498\/revisions"}],"predecessor-version":[{"id":65500,"href":"https:\/\/zonaroja.com.mx\/index.php?rest_route=\/wp\/v2\/posts\/65498\/revisions\/65500"}],"wp:featuredmedia":[{"embeddable":true,"href":"https:\/\/zonaroja.com.mx\/index.php?rest_route=\/wp\/v2\/media\/65499"}],"wp:attachment":[{"href":"https:\/\/zonaroja.com.mx\/index.php?rest_route=%2Fwp%2Fv2%2Fmedia&parent=65498"}],"wp:term":[{"taxonomy":"category","embeddable":true,"href":"https:\/\/zonaroja.com.mx\/index.php?rest_route=%2Fwp%2Fv2%2Fcategories&post=65498"},{"taxonomy":"post_tag","embeddable":true,"href":"https:\/\/zonaroja.com.mx\/index.php?rest_route=%2Fwp%2Fv2%2Ftags&post=65498"}],"curies":[{"name":"wp","href":"https:\/\/api.w.org\/{rel}","templated":true}]}}