{"id":65501,"date":"2024-02-21T07:20:00","date_gmt":"2024-02-21T13:20:00","guid":{"rendered":"http:\/\/www.zonaroja.com.mx\/?p=65501"},"modified":"2024-02-21T06:46:24","modified_gmt":"2024-02-21T12:46:24","slug":"otra-pifia-de-la-fgr-sale-libre-emilio-lozoya-ex-director-de-pemex","status":"publish","type":"post","link":"https:\/\/zonaroja.com.mx\/?p=65501","title":{"rendered":"Otra pifia de la FGR: sale libre Emilio Lozoya, ex director de Pemex"},"content":{"rendered":"\n<p>Redacci\u00f3n\/Zona Roja Cdmx.<\/p>\n\n\n\n<p>Ciudad de M\u00e9xico, a 21 de febrero de 2024.- Emilio Lozoya est\u00e1 libre. Tres a\u00f1os despu\u00e9s de haber sido detenido por la polic\u00eda espa\u00f1ola, el exdirector de Pemex seguir\u00e1 su juicio desde su casa por el caso Odebrecht.<\/p>\n\n\n\n<p>La noche de este 20 de febrero, el exfuncionario ha dejado el Reclusorio Norte de Ciudad de M\u00e9xico, donde enfrentaba dos procesos; uno por la trama de Odebrecht y otro por la venta de la planta chatarra de fertilizantes de Agronitrogenados, seg\u00fan dijo el fiscal Alejandro Gertz en conferencia de prensa el 30 de junio de 2020.<\/p>\n\n\n\n<p>Lozoya fue detenido en febrero de 2020 en M\u00e1laga, Espa\u00f1a; cinco meses despu\u00e9s fue extraditado a M\u00e9xico, tras un acuerdo con las autoridades para cooperar con la justicia y dar informaci\u00f3n de sus superiores presuntamente implicados en los casos de corrupci\u00f3n.<\/p>\n\n\n\n<p>El exfuncionario no pis\u00f3 la c\u00e1rcel hasta noviembre de 2021, cuando un juez federal le dict\u00f3 prisi\u00f3n preventiva justificada. Semanas antes, Lozoya hab\u00eda sido captado cenando en un restaurante con un grupo de amigos.<\/p>\n\n\n\n<p>\u00bfQUI\u00c9N ES?<\/p>\n\n\n\n<p>Emilio Lozoya Austin es economista por el ITAM y abogado por la Universidad Nacional Aut\u00f3noma de M\u00e9xico (UNAM). Su padre, Emilio Lozoya Thalmann form\u00f3 parte del gobierno de Carlos Salinas de Gortari (1988-1994).<\/p>\n\n\n\n<p>Antes de convertirse en el director de la petrolera estatal Pemex, toc\u00f3 puertas en el Banco de M\u00e9xico, el Foro Econ\u00f3mico Mundial y el Banco Interamericano de Desarrollo.<\/p>\n\n\n\n<p>Su especializaci\u00f3n en los fondos de inversi\u00f3n y en la reestructuraci\u00f3n de cr\u00e9ditos de empresas p\u00fablicas y privadas, dio pauta a su entrada a la campa\u00f1a presidencial de Enrique Pe\u00f1a Nieto en 2012.<\/p>\n\n\n\n<p>LA ACUSACI\u00d3N<\/p>\n\n\n\n<p>Emilio Lozoya, director de la petrolera estatal Pemex entre 2012 y 2016, era buscado desde mayo de 2019, acusado de lavado de dinero, cohecho y asociaci\u00f3n delictuosa. De acuerdo con la Fiscal\u00eda General de la Rep\u00fablica (FGR), Lozoya habr\u00eda recibido sobornos de 9. 1 millones de d\u00f3lares a cambio de favorecer a Odebrecht con contratos.<\/p>\n\n\n\n<p>Asimismo, se le se\u00f1al\u00f3 de corrupci\u00f3n en la compra de dos empresas en p\u00e9simas condiciones: Agronitrogenados y Fertinal. La decisi\u00f3n se convirti\u00f3 en un hoyo negro para Pemex, que tuvo p\u00e9rdidas por mil 400 millones de d\u00f3lares.<\/p>\n\n\n\n<p>\u00bfQu\u00e9 pas\u00f3 con Emilio Lozoya?<\/p>\n\n\n\n<p>Despu\u00e9s de m\u00e1s de dos a\u00f1os en el Reclusorio Norte de la Ciudad de M\u00e9xico, Emilio Lozoya continuar\u00e1 su proceso desde su casa.<\/p>\n\n\n\n<p>Este 20 de febrero, un juez le concedi\u00f3 al exdirector de Pemex la prisi\u00f3n domiciliaria. La Fiscal\u00eda General de la Rep\u00fablica ha alertado sobre un riesgo de fuga y se ha pronunciado en contra de los privilegios procesales otorgados a Lozoya.<\/p>\n\n\n\n<p>La medida no exenta al exfuncionario de los cargos de corrupci\u00f3n de los que se le acusa.<\/p>\n\n\n\n<p>Anoche, Lozoya abandon\u00f3 el penal a bordo de una camioneta negra. Su salida es s\u00f3lo parte de una larga lista de decisiones favorables; en noviembre del a\u00f1o pasado, por ejemplo, un juez le abri\u00f3 la posibilidad de recuperar la casa en Las Lomas, que habr\u00eda adquirido con un soborno por la compra de Agronitrogenados.<\/p>\n\n\n\n<p>(Informaci\u00f3n de \u201cEl Financiero\u201d)<\/p>\n","protected":false},"excerpt":{"rendered":"<p>Redacci\u00f3n\/Zona Roja Cdmx. Ciudad de M\u00e9xico, a 21 de febrero de 2024.- Emilio Lozoya est\u00e1&hellip;<\/p>\n","protected":false},"author":2,"featured_media":15585,"comment_status":"closed","ping_status":"open","sticky":false,"template":"","format":"standard","meta":{"_lmt_disableupdate":"","_lmt_disable":"","_jetpack_memberships_contains_paid_content":false,"footnotes":""},"categories":[109,47],"tags":[1842],"class_list":["post-65501","post","type-post","status-publish","format-standard","has-post-thumbnail","hentry","category-minuto-a-minuto","category-zona-gris","tag-emilio-lozoya-pemex"],"jetpack_featured_media_url":"https:\/\/zonaroja.com.mx\/wp-content\/uploads\/2020\/07\/Emilio-Lozoya.jpg","jetpack_sharing_enabled":true,"_links":{"self":[{"href":"https:\/\/zonaroja.com.mx\/index.php?rest_route=\/wp\/v2\/posts\/65501","targetHints":{"allow":["GET"]}}],"collection":[{"href":"https:\/\/zonaroja.com.mx\/index.php?rest_route=\/wp\/v2\/posts"}],"about":[{"href":"https:\/\/zonaroja.com.mx\/index.php?rest_route=\/wp\/v2\/types\/post"}],"author":[{"embeddable":true,"href":"https:\/\/zonaroja.com.mx\/index.php?rest_route=\/wp\/v2\/users\/2"}],"replies":[{"embeddable":true,"href":"https:\/\/zonaroja.com.mx\/index.php?rest_route=%2Fwp%2Fv2%2Fcomments&post=65501"}],"version-history":[{"count":1,"href":"https:\/\/zonaroja.com.mx\/index.php?rest_route=\/wp\/v2\/posts\/65501\/revisions"}],"predecessor-version":[{"id":65502,"href":"https:\/\/zonaroja.com.mx\/index.php?rest_route=\/wp\/v2\/posts\/65501\/revisions\/65502"}],"wp:featuredmedia":[{"embeddable":true,"href":"https:\/\/zonaroja.com.mx\/index.php?rest_route=\/wp\/v2\/media\/15585"}],"wp:attachment":[{"href":"https:\/\/zonaroja.com.mx\/index.php?rest_route=%2Fwp%2Fv2%2Fmedia&parent=65501"}],"wp:term":[{"taxonomy":"category","embeddable":true,"href":"https:\/\/zonaroja.com.mx\/index.php?rest_route=%2Fwp%2Fv2%2Fcategories&post=65501"},{"taxonomy":"post_tag","embeddable":true,"href":"https:\/\/zonaroja.com.mx\/index.php?rest_route=%2Fwp%2Fv2%2Ftags&post=65501"}],"curies":[{"name":"wp","href":"https:\/\/api.w.org\/{rel}","templated":true}]}}