{"id":65510,"date":"2024-02-21T11:39:00","date_gmt":"2024-02-21T17:39:00","guid":{"rendered":"http:\/\/www.zonaroja.com.mx\/?p=65510"},"modified":"2024-02-21T07:40:18","modified_gmt":"2024-02-21T13:40:18","slug":"guerrero-dice-que-solo-encontro-5-cuerpos-calcinados-hallan-11-cuerpos-en-michoacan","status":"publish","type":"post","link":"https:\/\/zonaroja.com.mx\/?p=65510","title":{"rendered":"Guerrero dice que s\u00f3lo encontr\u00f3 5 cuerpos calcinados; hallan 11 cuerpos en Michoac\u00e1n"},"content":{"rendered":"\n<p>Redacci\u00f3n\/Zona Roja Cdmx.<\/p>\n\n\n\n<p>Ciudad de M\u00e9xico, a 21 de febrero de 2024.- La Fiscal\u00eda General del Estado (FGE) inform\u00f3 que personal de la instituci\u00f3n localiz\u00f3 \u201clos cuerpos de cinco personas calcinadas\u201d en la comunidad de Las Tunas, en la sierra del<\/p>\n\n\n\n<p>municipio de San Miguel Totolapan, al realizar una inspecci\u00f3n luego de los videos que circularon ayer en redes sociales de un presunto enfrentamiento entre los grupos criminales \u201cLa Familia Michoacana\u201d y \u201cLos Tlacos\u201d.<\/p>\n\n\n\n<p>En un comunicado, se\u00f1al\u00f3 que \u201ccomo parte de las primeras diligencias se inici\u00f3 la carpeta de investigaci\u00f3n por el delito de homicidio calificado. Los cuerpos de quienes hasta ahora se desconoce su identidad ser\u00e1n trasladados al Servicio M\u00e9dico Forense para las indagatorias complementarias\u201d.<\/p>\n\n\n\n<p>Ayer, con base en videos que se difundieron en redes sociales, se dio a conocer que fueron 17 personas las asesinadas por un enfrentamiento entre bandas criminales.<\/p>\n\n\n\n<p>EN MICHOAC\u00c1N<\/p>\n\n\n\n<p>En medio de la ola de violencia que se ha recrudecido en el pa\u00eds en las \u00faltimas horas, en el municipio de Tar\u00edmbaro, Michoac\u00e1n, fueron hallados los cuerpos de 11 personas dentro de una fosa clandestina.<\/p>\n\n\n\n<p>A trav\u00e9s de un comunicado, la Fiscal\u00eda General del Estado (FGE) de Michoac\u00e1n dio a conocer que el hallazgo se realiz\u00f3 este martes 20 de febrero y detall\u00f3 que, de los restos humanos hallados, siete eran de hombres y cuatro de mujeres.&nbsp;<\/p>\n\n\n\n<p>Los cuerpos fueron trasladados al Servicio M\u00e9dico Forense para que se practique la necropsia de ley y se efect\u00faen las t\u00e9cnicas cient\u00edficas necesarias para lograr su identificaci\u00f3n.<\/p>\n\n\n\n<p>De acuerdo con la informaci\u00f3n, elementos de la Fiscal\u00eda Especializada para la Investigaci\u00f3n y Persecuci\u00f3n de los Delitos de Desaparici\u00f3n Forzada y Desaparici\u00f3n Cometida por Particulares, personal de la Unidad Servicios Periciales y Escena del Crimen (UECS) se trasladaron a la localidad de La Noria, lugar donde \u2015cerca de una presa\u2015 fue localizado un predio en donde hab\u00eda tierra removida.<\/p>\n\n\n\n<p>EN GUANAJUATO<\/p>\n\n\n\n<p>Una mujer polic\u00eda de Celaya y su hija de ocho a\u00f1os de edad fueron asesinadas cuando viajaban a bordo de un veh\u00edculo.<\/p>\n\n\n\n<p>El ataque se registr\u00f3 a las seis de la ma\u00f1ana en la colonia Hacienda Natura cuando la oficial conduc\u00eda un carro Bora para llevar a su hija a la escuela.<\/p>\n\n\n\n<p>La Secretar\u00eda de Seguridad de Celaya inform\u00f3 que la elemento fue atacada el d\u00eda de su descanso.<\/p>\n\n\n\n<p>\u201cDesde el momento del reporte, personal de los tres niveles de gobierno mantienen un dispositivo de b\u00fasqueda de los probables responsables a fin de llevarlos ante la justicia\u201d, difundi\u00f3 la dependencia.<\/p>\n\n\n\n<p>EN CHIAPAS<\/p>\n\n\n\n<p>Un hombre identificado como Juan Hern\u00e1ndez L\u00f3pez, dirigente de un grupo de pandilleros que se transportan en motocicletas, conocidos como \u201cmotonetos\u00bb, fue ejecutado la tarde de este martes en San Crist\u00f3bal de Las Casas, Chiapas, informaron fuentes policiacas.<\/p>\n\n\n\n<p>Explicaron que a las 16:00 horas aproximadamente, cuando una persona identificada con el alias de El Fallo, circulaba en su camioneta Nissan doble cabina, color gris en la colonia Bosques del Pedregal, situada en la zona norte de la ciudad.<\/p>\n\n\n\n<p>Las fuentes agregaron que Hern\u00e1ndez L\u00f3pez fue interceptado a la altura del parque infantil por otro veh\u00edculo o por una motocicleta y fue atacado por dos sujetos con armas de fuego y luego se dieron a la fuga.<\/p>\n\n\n\n<p>(Informaci\u00f3n de \u201cLa Jornada\u201d)<\/p>\n","protected":false},"excerpt":{"rendered":"<p>Redacci\u00f3n\/Zona Roja Cdmx. Ciudad de M\u00e9xico, a 21 de febrero de 2024.- La Fiscal\u00eda General&hellip;<\/p>\n","protected":false},"author":2,"featured_media":47151,"comment_status":"closed","ping_status":"open","sticky":false,"template":"","format":"standard","meta":{"_lmt_disableupdate":"","_lmt_disable":"","_jetpack_memberships_contains_paid_content":false,"footnotes":""},"categories":[109,51],"tags":[1746],"class_list":["post-65510","post","type-post","status-publish","format-standard","has-post-thumbnail","hentry","category-minuto-a-minuto","category-zona-roja","tag-violencia-en-mexico"],"jetpack_featured_media_url":"https:\/\/zonaroja.com.mx\/wp-content\/uploads\/2022\/10\/Delitos-violencia-homicidios-asesinatos-Oaxaca.jpg","jetpack_sharing_enabled":true,"_links":{"self":[{"href":"https:\/\/zonaroja.com.mx\/index.php?rest_route=\/wp\/v2\/posts\/65510","targetHints":{"allow":["GET"]}}],"collection":[{"href":"https:\/\/zonaroja.com.mx\/index.php?rest_route=\/wp\/v2\/posts"}],"about":[{"href":"https:\/\/zonaroja.com.mx\/index.php?rest_route=\/wp\/v2\/types\/post"}],"author":[{"embeddable":true,"href":"https:\/\/zonaroja.com.mx\/index.php?rest_route=\/wp\/v2\/users\/2"}],"replies":[{"embeddable":true,"href":"https:\/\/zonaroja.com.mx\/index.php?rest_route=%2Fwp%2Fv2%2Fcomments&post=65510"}],"version-history":[{"count":1,"href":"https:\/\/zonaroja.com.mx\/index.php?rest_route=\/wp\/v2\/posts\/65510\/revisions"}],"predecessor-version":[{"id":65511,"href":"https:\/\/zonaroja.com.mx\/index.php?rest_route=\/wp\/v2\/posts\/65510\/revisions\/65511"}],"wp:featuredmedia":[{"embeddable":true,"href":"https:\/\/zonaroja.com.mx\/index.php?rest_route=\/wp\/v2\/media\/47151"}],"wp:attachment":[{"href":"https:\/\/zonaroja.com.mx\/index.php?rest_route=%2Fwp%2Fv2%2Fmedia&parent=65510"}],"wp:term":[{"taxonomy":"category","embeddable":true,"href":"https:\/\/zonaroja.com.mx\/index.php?rest_route=%2Fwp%2Fv2%2Fcategories&post=65510"},{"taxonomy":"post_tag","embeddable":true,"href":"https:\/\/zonaroja.com.mx\/index.php?rest_route=%2Fwp%2Fv2%2Ftags&post=65510"}],"curies":[{"name":"wp","href":"https:\/\/api.w.org\/{rel}","templated":true}]}}