{"id":65512,"date":"2024-02-21T12:30:00","date_gmt":"2024-02-21T18:30:00","guid":{"rendered":"http:\/\/www.zonaroja.com.mx\/?p=65512"},"modified":"2024-02-21T07:42:24","modified_gmt":"2024-02-21T13:42:24","slug":"opinion-elecciones-2024-en-oaxaca-que-pasa-con-noe-jara","status":"publish","type":"post","link":"https:\/\/zonaroja.com.mx\/?p=65512","title":{"rendered":"Opini\u00f3n. Elecciones 2024 en Oaxaca: \u00bfQu\u00e9 pasa con No\u00e9 Jara?\u00a0"},"content":{"rendered":"\n<p>Adri\u00e1n Ortiz Romero Cuevas*<\/p>\n\n\n\n<p>No\u00e9 Jara se dej\u00f3 ver desde antes del inicio de la administraci\u00f3n, como un gestor plenipotenciario de facto ante la administraci\u00f3n gubernamental y&nbsp;con relaci\u00f3n a&nbsp;los intereses pol\u00edticos de su hermano el gobernador Salom\u00f3n Jara Cruz.&nbsp;A lo largo de quince meses fue uno de los m\u00e1s eficaces enlaces entre la sociedad y el gobierno, y tambi\u00e9n se empe\u00f1\u00f3 en impulsar a una serie de personajes para diversos cargos que se disputar\u00e1n en los comicios concurrentes de 2024. Esa fuerza e influencia aparentes hoy se aprecian mermadas. \u00bfQu\u00e9 pasa ah\u00ed?&nbsp;<\/p>\n\n\n\n<p>En efecto, uno de los mayormente damnificados por la decisi\u00f3n tomada respecto a la candidatura de Morena de la capital oaxaque\u00f1a es justamente el hermano del Gobernador. Si bien es cierto que fue el diputado local Luis Alfonso Silva Romo quien formalmente se qued\u00f3 en el camino hacia la candidatura por la alcald\u00eda citadina, en realidad el quebranto tambi\u00e9n se suma a los haberes&nbsp;pol\u00edticos&nbsp;de su principal impulsor.&nbsp;<\/p>\n\n\n\n<p>Fue No\u00e9 Jara quien lo anim\u00f3 y lo involucr\u00f3 en una serie de actividades y estrategias de posicionamiento para ubicarlo como aspirante a la presidencia municipal de Oaxaca de Ju\u00e1rez.&nbsp;De acuerdo con los c\u00e1lculos que seguramente hizo, su intenci\u00f3n era colonizar las principales posiciones de representaci\u00f3n popular en juego a disputarse en los comicios concurrentes de junio pr\u00f3ximo. Por esa raz\u00f3n junto con Silva Romo comenz\u00f3 a hacer gesti\u00f3n y trabajo comunitario con otros personajes como la diputada local&nbsp;Hayde\u00e9&nbsp;Irma&nbsp;Reyes Soto, el empresario Raymundo Chagoya Villanueva&nbsp;en la capital oaxaque\u00f1a y algunos de los municipios conurbados.<\/p>\n\n\n\n<p>En ese c\u00e1lculo primario, pensaban que pod\u00edan ser sostenibles diversas candidaturas afines a ese grupo. La confianza radicaba en la cercan\u00eda entre los hermanos Jara y el hecho de que ellos han hecho trabajo pol\u00edtico como grupo, desde hace muchos a\u00f1os. As\u00ed, pensaban que pod\u00edan hacerse de la candidatura a la presidencia municipal de la capital; de la diputaci\u00f3n local por el distrito 13; e incluso poder incidir en quien resultara electo como abanderado por Morena para el distrito electoral federal 08 con sede tambi\u00e9n en&nbsp;Oaxaca de Ju\u00e1rez.<\/p>\n\n\n\n<p>El problema es que dicho c\u00e1lculo se descuadr\u00f3 por completo con el descalabro que sufri\u00f3 el diputado Silva Romo en la carrera interna de Morena por la presidencia municipal citadina.&nbsp;Ya no est\u00e1 en posibilidad de ser reelecto como legislador local; en la suma y resta de las diputaciones federales tampoco tiene cabida, ya que la posici\u00f3n que se jugar\u00e1 por la ciudad capital est\u00e1 reservada \u2014en la coalici\u00f3n morenista\u2014 al Partido Verde Ecologista de M\u00e9xico, que posiblemente postule al actual senador Ra\u00fal Bola\u00f1os Cacho-Cu\u00e9.<\/p>\n\n\n\n<p>As\u00ed, parece que la \u00fanica de las posiciones actuales de No\u00e9 Jara que sigue teniendo competitividad real es el notario Raymundo Chagoya, de quien se sabe que ha salido&nbsp;con buenas puntuaciones en las encuestas que se han levantado en la capital para definir a quien ser\u00e1 el abanderado morenista para la diputaci\u00f3n local del distrito 13.<\/p>\n\n\n\n<p>Es muy probable que, dentro de esos acomodos internos de Morena, a la diputada Reyes Soto s\u00f3lo le alcance para repetir como abanderada por el distrito 17 Tlacolula.&nbsp;Esto, a pesar de que en reiteradas ocasiones se le ha acusado de haber abandonado el distrito durante el actual periodo como representante popular, habida cuenta de que en 2021 ella result\u00f3 designada como candidata a diputada por ese distrito&nbsp;por una combinaci\u00f3n de factores, y no porque tuviera trabajo pol\u00edtico en la regi\u00f3n.<\/p>\n\n\n\n<p>Hoy, sostienen versiones, la Legisladora local ha dejado de atender a los llamados de No\u00e9 Jara y ha tratado de buscar cobijo en otros grupos morenistas. Incluso se\u00f1alan que de lograr alguna candidatura ya no ser\u00eda gracias a No\u00e9 Jara.<\/p>\n\n\n\n<p>DUROS VS RADICALES&nbsp;<\/p>\n\n\n\n<p>Reiteradamente el gobernador Salom\u00f3n Jara ha dicho que ning\u00fan priista&nbsp;aparecer\u00eda entre las listas de abanderados morenistas, y que en su gobierno no habr\u00eda espacio para los arrepentidos,&nbsp;para&nbsp;los absueltos o&nbsp;para&nbsp;los conversos. Esa es una verdad que, adem\u00e1s, tiene varias aristas.&nbsp;<\/p>\n\n\n\n<p>\u00bfPor qu\u00e9? Porque recordemos que m\u00e1s que un partido, Morena es un movimiento. Y ah\u00ed existe una pugna entre los que simplemente no quieren a personajes venidos de otras fuerzas o extracciones pol\u00edticas, y quienes adem\u00e1s no quieren a nadie que no sea un elemento qu\u00edmicamente puro del&nbsp;jarismo&nbsp;\u2014considerando que los Jara y su primer c\u00edrculo nunca militaron en otro partido que no fuera Morena y sus antecedentes hist\u00f3ricos.<\/p>\n\n\n\n<p>Veamos esto a partir de la situaci\u00f3n de Luis Alfonso Silva Romo. \u00c9l, como otros personajes hoy morenistas, vienen de la extracci\u00f3n panista. Coyunturalmente brincaron a las fuerzas de izquierda desde hace a\u00f1os, y en ellas han navegado siendo elementos \u00fatiles. A Silva, nadie le puede regatear el haber ganado consecutivamente la diputaci\u00f3n local. Pero eso no necesariamente lo hace ser aceptado en el n\u00facleo m\u00e1s duro del&nbsp;morenismo, en donde milita una serie de personajes que no est\u00e1n dispuestos a ceder nada a nadie que no coincida incondicionalmente con ellos.<\/p>\n\n\n\n<p>En esa l\u00f3gica, en los c\u00edrculos m\u00e1s cercanos del gobierno estatal se ha escuchado decir que el hermano del Gobernador se equivoc\u00f3 al tratar de impulsar a personajes externos al movimiento y a los intereses del grupo. Dicen que adem\u00e1s de que varios de ellos no lograron crecer lo suficiente como para garantizar que son competitivos como candidatos, tampoco son personas que han caminado con el movimiento&nbsp;lopezobradorista&nbsp;desde los tiempos en los que nadie cre\u00eda que podr\u00edan remontar los resultados electorales adversos de 2006 y 2012 del presidente Andr\u00e9s Manuel L\u00f3pez Obrador.<\/p>\n\n\n\n<p>Posiblemente estos sean indicios de que lo que se ha escuchado decir en los corredores de Palacio de Gobierno, tenga mucho de verdad, con relaci\u00f3n a los prospectos impulsados por No\u00e9 Jara. Al final, en Oaxaca tambi\u00e9n&nbsp;parece estarse imponiendo la verticalidad&nbsp;frente a los proyectos particulares; rigidez&nbsp;que, adem\u00e1s, se ha venido ejerciendo desde el Palacio Nacional en muchas de las decisiones&nbsp;m\u00e1s trascendentes&nbsp;de Morena en las entidades federativas.<\/p>\n\n\n\n<p>EPITAFIO&nbsp;<\/p>\n\n\n\n<p>A contrapelo del gobernador Salom\u00f3n Jara, que no ha bajado el ritmo de trabajo desde el primer d\u00eda de su administraci\u00f3n, y que\u00a0cotidianamente\u00a0demuestra tener los pies bien\u00a0puestos\u00a0en la tierra, varios de sus funcionarios se han dejado seducir por las tentaciones de la soberbia\u00a0que casi naturalmente trae aparejado el pedacito de poder que ejercen. Con esas actitudes demuestran su peque\u00f1ez y lo grande que les queda el cargo. A 15 meses de la administraci\u00f3n, ya es posible hacer un balance sustantivo de sus\u00a0respectivas gestiones. En algunos casos, como lo es la Coordinaci\u00f3n de Comunicaci\u00f3n Social de la Gubernatura, sus resultados son francamente deplorables. Abundaremos.\u00a0<\/p>\n\n\n\n<p>*Abogado y periodista.<\/p>\n\n\n\n<p>@ortizromeroc<\/p>\n\n\n\n<p>@columnaalmargen<\/p>\n","protected":false},"excerpt":{"rendered":"<p>Adri\u00e1n Ortiz Romero Cuevas* No\u00e9 Jara se dej\u00f3 ver desde antes del inicio de la&hellip;<\/p>\n","protected":false},"author":2,"featured_media":41727,"comment_status":"closed","ping_status":"open","sticky":false,"template":"","format":"standard","meta":{"_lmt_disableupdate":"","_lmt_disable":"","_jetpack_memberships_contains_paid_content":false,"footnotes":""},"categories":[456,109],"tags":[2994],"class_list":["post-65512","post","type-post","status-publish","format-standard","has-post-thumbnail","hentry","category-columna","category-minuto-a-minuto","tag-adrian-ortiz-romero-cuevas"],"jetpack_featured_media_url":"https:\/\/zonaroja.com.mx\/wp-content\/uploads\/2022\/05\/268ff40f-0d29-460d-b639-fc8eebaa17a4.jpg","jetpack_sharing_enabled":true,"_links":{"self":[{"href":"https:\/\/zonaroja.com.mx\/index.php?rest_route=\/wp\/v2\/posts\/65512","targetHints":{"allow":["GET"]}}],"collection":[{"href":"https:\/\/zonaroja.com.mx\/index.php?rest_route=\/wp\/v2\/posts"}],"about":[{"href":"https:\/\/zonaroja.com.mx\/index.php?rest_route=\/wp\/v2\/types\/post"}],"author":[{"embeddable":true,"href":"https:\/\/zonaroja.com.mx\/index.php?rest_route=\/wp\/v2\/users\/2"}],"replies":[{"embeddable":true,"href":"https:\/\/zonaroja.com.mx\/index.php?rest_route=%2Fwp%2Fv2%2Fcomments&post=65512"}],"version-history":[{"count":1,"href":"https:\/\/zonaroja.com.mx\/index.php?rest_route=\/wp\/v2\/posts\/65512\/revisions"}],"predecessor-version":[{"id":65513,"href":"https:\/\/zonaroja.com.mx\/index.php?rest_route=\/wp\/v2\/posts\/65512\/revisions\/65513"}],"wp:featuredmedia":[{"embeddable":true,"href":"https:\/\/zonaroja.com.mx\/index.php?rest_route=\/wp\/v2\/media\/41727"}],"wp:attachment":[{"href":"https:\/\/zonaroja.com.mx\/index.php?rest_route=%2Fwp%2Fv2%2Fmedia&parent=65512"}],"wp:term":[{"taxonomy":"category","embeddable":true,"href":"https:\/\/zonaroja.com.mx\/index.php?rest_route=%2Fwp%2Fv2%2Fcategories&post=65512"},{"taxonomy":"post_tag","embeddable":true,"href":"https:\/\/zonaroja.com.mx\/index.php?rest_route=%2Fwp%2Fv2%2Ftags&post=65512"}],"curies":[{"name":"wp","href":"https:\/\/api.w.org\/{rel}","templated":true}]}}