{"id":6552,"date":"2019-12-10T20:31:16","date_gmt":"2019-12-11T02:31:16","guid":{"rendered":"http:\/\/www.zonaroja.com.mx\/?p=6552"},"modified":"2019-12-10T20:31:19","modified_gmt":"2019-12-11T02:31:19","slug":"nuestro-querido-estado-hoy-se-encuentra-en-una-crisis-de-seguridad-lasalle","status":"publish","type":"post","link":"https:\/\/zonaroja.com.mx\/?p=6552","title":{"rendered":"\u201cNuestro querido estado hoy se encuentra en una crisis de seguridad\u201d: LaSalle"},"content":{"rendered":"\n<p>Evlin\nArag\u00f3n\/Zona Roja.<\/p>\n\n\n\n<p>Oaxaca\nde Ju\u00e1rez, Oax., 10 de diciembre de 2019.- \u201cNuestro querido estado hoy se encuentra\nen una crisis de seguridad que las autoridades no han querido atender\u201d.<\/p>\n\n\n\n<p>&nbsp;As\u00ed se pronunci\u00f3 a trav\u00e9s de sus redes\nsociales la comunidad docente y estudiantil de la Universidad La Salle Oaxaca,\nal exigir la actuaci\u00f3n inmediata de las autoridades estatales.<\/p>\n\n\n\n<p>Lo\nanterior luego del ataque armado que terminara con la vida de Juan Ortiz\nMart\u00ednez y Concepci\u00f3n Hern\u00e1ndez Mart\u00ednez, que se registr\u00f3 el pasado domingo en\nsu domicilio ubicado en la tercera calle de J. P. Garc\u00eda, a dos cuadras del\nCentro Hist\u00f3rico de la ciudad de Oaxaca.<\/p>\n\n\n\n<p>Las personas asesinadas eran abuela y abuelo del director de la Escuela de Ingenier\u00edas y Arquitectura de la universidad, raz\u00f3n por la que se pronunciaron por un alto a la violencia en Oaxaca e insistieron en espacios de convivencia m\u00e1s humanos para el mundo.<\/p>\n\n\n\n<figure class=\"wp-block-image\"><img decoding=\"async\" width=\"1024\" height=\"955\" src=\"http:\/\/www.zonaroja.com.mx\/wp-content\/uploads\/2019\/12\/IMG_7207-1024x955.jpg\" alt=\"\" class=\"wp-image-6553\" srcset=\"https:\/\/zonaroja.com.mx\/wp-content\/uploads\/2019\/12\/IMG_7207-1024x955.jpg 1024w, https:\/\/zonaroja.com.mx\/wp-content\/uploads\/2019\/12\/IMG_7207-300x280.jpg 300w, https:\/\/zonaroja.com.mx\/wp-content\/uploads\/2019\/12\/IMG_7207-768x716.jpg 768w, https:\/\/zonaroja.com.mx\/wp-content\/uploads\/2019\/12\/IMG_7207-1170x1091.jpg 1170w, https:\/\/zonaroja.com.mx\/wp-content\/uploads\/2019\/12\/IMG_7207-585x546.jpg 585w, https:\/\/zonaroja.com.mx\/wp-content\/uploads\/2019\/12\/IMG_7207.jpg 1280w\" sizes=\"(max-width: 1024px) 100vw, 1024px\" \/><\/figure>\n\n\n\n<p>\u201cEn\nla Universidad La Salle Oaxaca insistiremos siempre en que parte de nuestra\nense\u00f1anza dentro de las aulas ser\u00e1 y tiene que ser para crear espacios de\nconvivencia m\u00e1s humanos en este mundo\u201d, citan en sus redes sociales.<\/p>\n\n\n\n<p>Lamentaron\nque hasta el momento las autoridades no hayan querido atender el problema de\ninseguridad que se vive en la entidad, por el contrario mantengan su discurso\nque Oaxaca forma parte de los estado m\u00e1s seguros del pa\u00eds, lo cual no garantiza\nque la violencia vaya en aumento, por lo que les exigieron cumplir con su\nresponsabilidad.<\/p>\n\n\n\n<p>\u201cEste\nd\u00eda, nuevamente nos pronunciamos y exigimos que las autoridades cumplan con su\nresponsabilidad y atiendan de manera inmediata esta situaci\u00f3n\u201d, se\u00f1alaron.<\/p>\n\n\n\n<p>As\u00ed mismo, recordaron que est\u00e1 a punto de cumplirse un a\u00f1o de la desaparici\u00f3n de la joven Martha Rosa matriculada en la instituci\u00f3n, quien desapareci\u00f3 junto con su madre Mar\u00eda Concha, quien militaba en el partido Movimiento de Regeneraci\u00f3n Nacional.<\/p>\n\n\n\n<figure class=\"wp-block-image\"><img decoding=\"async\" width=\"1024\" height=\"998\" src=\"http:\/\/www.zonaroja.com.mx\/wp-content\/uploads\/2019\/12\/IMG_7205-1024x998.jpg\" alt=\"\" class=\"wp-image-6554\" srcset=\"https:\/\/zonaroja.com.mx\/wp-content\/uploads\/2019\/12\/IMG_7205-1024x998.jpg 1024w, https:\/\/zonaroja.com.mx\/wp-content\/uploads\/2019\/12\/IMG_7205-300x293.jpg 300w, https:\/\/zonaroja.com.mx\/wp-content\/uploads\/2019\/12\/IMG_7205-768x749.jpg 768w, https:\/\/zonaroja.com.mx\/wp-content\/uploads\/2019\/12\/IMG_7205-1170x1141.jpg 1170w, https:\/\/zonaroja.com.mx\/wp-content\/uploads\/2019\/12\/IMG_7205-585x570.jpg 585w, https:\/\/zonaroja.com.mx\/wp-content\/uploads\/2019\/12\/IMG_7205.jpg 1280w\" sizes=\"(max-width: 1024px) 100vw, 1024px\" \/><\/figure>\n\n\n\n<p>En\nagosto pasado, a trav\u00e9s de un video, docentes y estudiantes de la Universidad\nLa Salle exigieron a la Fiscal\u00eda General del Estado contin\u00fae con la b\u00fasqueda de\nlas dos mujeres que fueron vistas por \u00faltima vez el 24 de diciembre del 2018,\nen el municipio de San Antonio de la Cal y hasta el momento no se sabe su\nparadero.<\/p>\n\n\n\n<p>De\nacuerdo con el m\u00e1s reciente informe de la organizaci\u00f3n Consorcio Oaxaca 674\nmujeres han sido reportadas como desaparecidas en lo que va de la\nadministraci\u00f3n de Alejandro Murat Hinojosa, con base en el recuento de casos de\nviolencia de g\u00e9nero que realiza desde hace ya varios a\u00f1os.<\/p>\n","protected":false},"excerpt":{"rendered":"<p>Evlin Arag\u00f3n\/Zona Roja. Oaxaca de Ju\u00e1rez, Oax., 10 de diciembre de 2019.- \u201cNuestro querido estado&hellip;<\/p>\n","protected":false},"author":2,"featured_media":6555,"comment_status":"closed","ping_status":"open","sticky":false,"template":"","format":"standard","meta":{"_lmt_disableupdate":"","_lmt_disable":"","_jetpack_memberships_contains_paid_content":false,"footnotes":""},"categories":[109,47],"tags":[1122],"class_list":["post-6552","post","type-post","status-publish","format-standard","has-post-thumbnail","hentry","category-minuto-a-minuto","category-zona-gris","tag-universidad-lasalle-oaxaca"],"jetpack_featured_media_url":"https:\/\/zonaroja.com.mx\/wp-content\/uploads\/2019\/12\/LaSalle2.jpg","jetpack_sharing_enabled":true,"_links":{"self":[{"href":"https:\/\/zonaroja.com.mx\/index.php?rest_route=\/wp\/v2\/posts\/6552","targetHints":{"allow":["GET"]}}],"collection":[{"href":"https:\/\/zonaroja.com.mx\/index.php?rest_route=\/wp\/v2\/posts"}],"about":[{"href":"https:\/\/zonaroja.com.mx\/index.php?rest_route=\/wp\/v2\/types\/post"}],"author":[{"embeddable":true,"href":"https:\/\/zonaroja.com.mx\/index.php?rest_route=\/wp\/v2\/users\/2"}],"replies":[{"embeddable":true,"href":"https:\/\/zonaroja.com.mx\/index.php?rest_route=%2Fwp%2Fv2%2Fcomments&post=6552"}],"version-history":[{"count":1,"href":"https:\/\/zonaroja.com.mx\/index.php?rest_route=\/wp\/v2\/posts\/6552\/revisions"}],"predecessor-version":[{"id":6556,"href":"https:\/\/zonaroja.com.mx\/index.php?rest_route=\/wp\/v2\/posts\/6552\/revisions\/6556"}],"wp:featuredmedia":[{"embeddable":true,"href":"https:\/\/zonaroja.com.mx\/index.php?rest_route=\/wp\/v2\/media\/6555"}],"wp:attachment":[{"href":"https:\/\/zonaroja.com.mx\/index.php?rest_route=%2Fwp%2Fv2%2Fmedia&parent=6552"}],"wp:term":[{"taxonomy":"category","embeddable":true,"href":"https:\/\/zonaroja.com.mx\/index.php?rest_route=%2Fwp%2Fv2%2Fcategories&post=6552"},{"taxonomy":"post_tag","embeddable":true,"href":"https:\/\/zonaroja.com.mx\/index.php?rest_route=%2Fwp%2Fv2%2Ftags&post=6552"}],"curies":[{"name":"wp","href":"https:\/\/api.w.org\/{rel}","templated":true}]}}