{"id":65523,"date":"2024-02-21T20:30:03","date_gmt":"2024-02-22T02:30:03","guid":{"rendered":"http:\/\/www.zonaroja.com.mx\/?p=65523"},"modified":"2024-02-21T20:30:05","modified_gmt":"2024-02-22T02:30:05","slug":"resurgen-en-oaxaca-agresiones-a-periodistas-hoy-dos-casos","status":"publish","type":"post","link":"https:\/\/zonaroja.com.mx\/?p=65523","title":{"rendered":"Resurgen en Oaxaca agresiones a periodistas; hoy dos casos"},"content":{"rendered":"\n<p>Yuridiana Sosa\/Zona Roja.<\/p>\n\n\n\n<p>Oaxaca de Ju\u00e1rez, Oax., 21 de febrero de 2024.- Durante la cobertura de dos diferentes actividades, periodistas de Oaxaca fueron agredidos por integrantes de la Secci\u00f3n 22 del SNTE y por presuntos trabajadores de la Secretar\u00eda de las Infraestructuras (Infra), para impedir el registro de los hechos, afectando su labor y causando da\u00f1os.<\/p>\n\n\n\n<p>Como parte de su jornada laboral, un grupo de reporteros de la capital del estado asisti\u00f3 a cubrir la protesta de los integrantes de la Secci\u00f3n 22 del Sindicato Nacional de Trabajadores de la Educaci\u00f3n (SNTE), quienes bloquearon la calle de Armenta y L\u00f3pez frente al edificio sindical, en el centro, el cual \u201ctomaron\u201d.<\/p>\n\n\n\n<p>Los manifestantes, que de acuerdo a sus mantas pertenecen a la delegaci\u00f3n sindical D-II-197, se aproximaron a los reporteros que graban el hecho que se desarroll\u00f3 sobre la v\u00eda p\u00fablica.<\/p>\n\n\n\n<p>Sin mediar palabra, mientras que los comunicadores buscaban una entrevista con alg\u00fan representante para conocer sus demandas, uno de los supuestos profesores se acerc\u00f3 de forma agresiva a intentar arrebatar el tel\u00e9fono al reportero Pedro Parola.<\/p>\n\n\n\n<p>El hecho gener\u00f3 la llegada de otros agremiados de la Secci\u00f3n 22 sobre los comunicadores, impidiendo la labor de los reporteros &nbsp;ante el registro de m\u00e1s videos de lo ocurrido.<\/p>\n\n\n\n<p>Cabe recordar que, en noviembre pasado, en el marco de la entrega del primer informe de gobierno al Poder Legislativo, una veintena de periodistas fueron retenidos y agredidos de manera f\u00edsica por integrantes de la Secci\u00f3n 22 del Sindicato Nacional de Trabajadores de la Educaci\u00f3n (SNTE) en el Congreso de Oaxaca.<\/p>\n\n\n\n<p>FUNCIONARIOS AGRESORES<\/p>\n\n\n\n<p>Por la ma\u00f1ana, presuntos servidores p\u00fablicos agredieron a reporteros que cubr\u00edan el derrumbe en una obra de drenaje, en riberas del r\u00edo \u201cAtoyac\u201d, colonia Alem\u00e1n, ciudad de Oaxaca.<\/p>\n\n\n\n<p>Personal de Sinfra intimid\u00f3 a trabajadores de la prensa por evidenciar los hechos que pretend\u00edan ocultar, luego que dos trabajadores en la construcci\u00f3n resultaron lesionados.<\/p>\n\n\n\n<p>La agresi\u00f3n con el intento de arrebatar sus tel\u00e9fonos se registr\u00f3 cuando los periodistas grababan el traslado de los lesionados, respetando el margen establecido por la polic\u00eda.<\/p>\n\n\n\n<p>Sin embargo, los responsables de la obra se acercaron de manera agresiva para intentar arrebatar sus equipos de trabajo.<\/p>\n\n\n\n<p>A pesar de la presencia policial, estos no intervinieron para garantizar la labor de los reporteros, quienes finalmente se defendieron por su cuenta para no ser agredidos f\u00edsicamente.<\/p>\n","protected":false},"excerpt":{"rendered":"<p>Yuridiana Sosa\/Zona Roja. Oaxaca de Ju\u00e1rez, Oax., 21 de febrero de 2024.- Durante la cobertura&hellip;<\/p>\n","protected":false},"author":2,"featured_media":65526,"comment_status":"closed","ping_status":"open","sticky":false,"template":"","format":"standard","meta":{"_lmt_disableupdate":"","_lmt_disable":"","_jetpack_memberships_contains_paid_content":false,"footnotes":""},"categories":[109,47],"tags":[1396],"class_list":["post-65523","post","type-post","status-publish","format-standard","has-post-thumbnail","hentry","category-minuto-a-minuto","category-zona-gris","tag-agresion-a-periodistas-oaxaca"],"jetpack_featured_media_url":"https:\/\/zonaroja.com.mx\/wp-content\/uploads\/2024\/02\/Agresion-a-la-prensa.jpg","jetpack_sharing_enabled":true,"_links":{"self":[{"href":"https:\/\/zonaroja.com.mx\/index.php?rest_route=\/wp\/v2\/posts\/65523","targetHints":{"allow":["GET"]}}],"collection":[{"href":"https:\/\/zonaroja.com.mx\/index.php?rest_route=\/wp\/v2\/posts"}],"about":[{"href":"https:\/\/zonaroja.com.mx\/index.php?rest_route=\/wp\/v2\/types\/post"}],"author":[{"embeddable":true,"href":"https:\/\/zonaroja.com.mx\/index.php?rest_route=\/wp\/v2\/users\/2"}],"replies":[{"embeddable":true,"href":"https:\/\/zonaroja.com.mx\/index.php?rest_route=%2Fwp%2Fv2%2Fcomments&post=65523"}],"version-history":[{"count":1,"href":"https:\/\/zonaroja.com.mx\/index.php?rest_route=\/wp\/v2\/posts\/65523\/revisions"}],"predecessor-version":[{"id":65527,"href":"https:\/\/zonaroja.com.mx\/index.php?rest_route=\/wp\/v2\/posts\/65523\/revisions\/65527"}],"wp:featuredmedia":[{"embeddable":true,"href":"https:\/\/zonaroja.com.mx\/index.php?rest_route=\/wp\/v2\/media\/65526"}],"wp:attachment":[{"href":"https:\/\/zonaroja.com.mx\/index.php?rest_route=%2Fwp%2Fv2%2Fmedia&parent=65523"}],"wp:term":[{"taxonomy":"category","embeddable":true,"href":"https:\/\/zonaroja.com.mx\/index.php?rest_route=%2Fwp%2Fv2%2Fcategories&post=65523"},{"taxonomy":"post_tag","embeddable":true,"href":"https:\/\/zonaroja.com.mx\/index.php?rest_route=%2Fwp%2Fv2%2Ftags&post=65523"}],"curies":[{"name":"wp","href":"https:\/\/api.w.org\/{rel}","templated":true}]}}