{"id":65539,"date":"2024-02-22T07:32:40","date_gmt":"2024-02-22T13:32:40","guid":{"rendered":"http:\/\/www.zonaroja.com.mx\/?p=65539"},"modified":"2024-02-22T07:32:41","modified_gmt":"2024-02-22T13:32:41","slug":"va-de-nuevo-susana-harp-al-senado-por-la-via-plurinominal","status":"publish","type":"post","link":"https:\/\/zonaroja.com.mx\/?p=65539","title":{"rendered":"Va de nuevo Susana Harp al Senado, por la v\u00eda plurinominal"},"content":{"rendered":"\n<p>Raymundo Morales\/Zona Roja.<\/p>\n\n\n\n<p>Oaxaca de Ju\u00e1rez, Oax., a 22 de febrero de 2024.- La actual senadora Susana Harp Iturribarr\u00eda repetir\u00e1 en la C\u00e1mara Alta, ahora por la v\u00eda plurinominal, al ser inscrita por el Partido Morena en la posici\u00f3n n\u00famero cuatro.<\/p>\n\n\n\n<p>Ayer, la dirigencia nacional dio a conocer las designaciones, en su mayor\u00eda por \u201ct\u00f3mbola\u201d, en la que aparece la cantante oaxaque\u00f1a, actual representante popular; su suplente es Laura Mar\u00eda Jes\u00fas Rodr\u00edguez Ram\u00edrez.<\/p>\n\n\n\n<p>Por la v\u00eda de los votos, con anterioridad fueron designados Antonino Morales Toledo y Luisa Cort\u00e9s Garc\u00eda.<\/p>\n\n\n\n<p>En la lista de aspirntes al Senado hay a\u00fan cinco lugares reservados, en los que tiene posibilidad de entrar Alejandro Murat Hinojosa, ex gobernador de Oaxaca que recientemente renunci\u00f3 al PRI y entreg\u00f3 el estado a Morena.<\/p>\n\n\n\n<p>Tambi\u00e9n por sorteo, ayer fueron designados los candidatos a diputados federales plurinominales, en los que se encuentran, en primer lugar por la circunscripci\u00f3n tres, Rosa Mar\u00eda Castro Salinas, activista defensora de los pueblos afromexicanos.<\/p>\n\n\n\n<p>Entre los primeros 25 lugares se encuentran tambi\u00e9n en dicha lista el profesor Aciel Sibaja Mendoza, en el lugar n\u00famero 10; en la posici\u00f3n 18, Azael Santiago Chepi, ambos actuales legisladores federales.<\/p>\n\n\n\n<p>Asimismo, en el lugar 20 la ex diputada local In\u00e9s Leal Pel\u00e1ez; en la posici\u00f3n 23 pero como suplente, aparece la ex perredista y ex diputada Aleida Tonelly Serrano Rosado.<\/p>\n","protected":false},"excerpt":{"rendered":"<p>Raymundo Morales\/Zona Roja. Oaxaca de Ju\u00e1rez, Oax., a 22 de febrero de 2024.- La actual&hellip;<\/p>\n","protected":false},"author":2,"featured_media":65540,"comment_status":"closed","ping_status":"open","sticky":false,"template":"","format":"standard","meta":{"_lmt_disableupdate":"","_lmt_disable":"","_jetpack_memberships_contains_paid_content":false,"footnotes":""},"categories":[109,46],"tags":[582],"class_list":["post-65539","post","type-post","status-publish","format-standard","has-post-thumbnail","hentry","category-minuto-a-minuto","category-zona-blanca","tag-partido-morena"],"jetpack_featured_media_url":"https:\/\/zonaroja.com.mx\/wp-content\/uploads\/2024\/02\/Tombola-Morena-.jpeg","jetpack_sharing_enabled":true,"_links":{"self":[{"href":"https:\/\/zonaroja.com.mx\/index.php?rest_route=\/wp\/v2\/posts\/65539","targetHints":{"allow":["GET"]}}],"collection":[{"href":"https:\/\/zonaroja.com.mx\/index.php?rest_route=\/wp\/v2\/posts"}],"about":[{"href":"https:\/\/zonaroja.com.mx\/index.php?rest_route=\/wp\/v2\/types\/post"}],"author":[{"embeddable":true,"href":"https:\/\/zonaroja.com.mx\/index.php?rest_route=\/wp\/v2\/users\/2"}],"replies":[{"embeddable":true,"href":"https:\/\/zonaroja.com.mx\/index.php?rest_route=%2Fwp%2Fv2%2Fcomments&post=65539"}],"version-history":[{"count":1,"href":"https:\/\/zonaroja.com.mx\/index.php?rest_route=\/wp\/v2\/posts\/65539\/revisions"}],"predecessor-version":[{"id":65541,"href":"https:\/\/zonaroja.com.mx\/index.php?rest_route=\/wp\/v2\/posts\/65539\/revisions\/65541"}],"wp:featuredmedia":[{"embeddable":true,"href":"https:\/\/zonaroja.com.mx\/index.php?rest_route=\/wp\/v2\/media\/65540"}],"wp:attachment":[{"href":"https:\/\/zonaroja.com.mx\/index.php?rest_route=%2Fwp%2Fv2%2Fmedia&parent=65539"}],"wp:term":[{"taxonomy":"category","embeddable":true,"href":"https:\/\/zonaroja.com.mx\/index.php?rest_route=%2Fwp%2Fv2%2Fcategories&post=65539"},{"taxonomy":"post_tag","embeddable":true,"href":"https:\/\/zonaroja.com.mx\/index.php?rest_route=%2Fwp%2Fv2%2Ftags&post=65539"}],"curies":[{"name":"wp","href":"https:\/\/api.w.org\/{rel}","templated":true}]}}